{"id":6707,"date":"2024-11-28T09:36:10","date_gmt":"2024-11-28T12:36:10","guid":{"rendered":"https:\/\/istlyr-caba.infd.edu.ar\/sitio\/?p=6707"},"modified":"2024-11-28T09:36:12","modified_gmt":"2024-11-28T12:36:12","slug":"convocatoria-practicas-especiales-5","status":"publish","type":"post","link":"https:\/\/istlyr-caba.infd.edu.ar\/sitio\/convocatoria-practicas-especiales-5\/","title":{"rendered":"Convocatoria Pr\u00e1cticas Especiales"},"content":{"rendered":"\n<h2 class=\"wp-block-heading\">Cierre 2024 de los Grupos de Apoyo y Orientaci\u00f3n a Familias de ni\u00f1os y ni\u00f1as con discapacidad.<\/h2>\n\n\n\n<p><strong>Invitaci\u00f3n a participar en espacio l\u00fadico de juego para ni\u00f1os y ni\u00f1as.<\/strong><\/p>\n\n\n\n<div style=\"height:20px\" aria-hidden=\"true\" class=\"wp-block-spacer\"><\/div>\n\n\n\n<p><strong>Presentaci\u00f3n<\/strong><\/p>\n\n\n\n<p>Actividad de cierre del a\u00f1o para familias de ni\u00f1os y ni\u00f1as con discapacidad que vienen asistiendo mes a mes a los grupos de apoyo y orientaci\u00f3n.<\/p>\n\n\n\n<p>Nos sumaremos a facilitar el juego en espacio l\u00fadico para ni\u00f1os y ni\u00f1as con discapacidad que ser\u00e1 coordinado por equipo del Centro L\u00fadico de Juegotecas barriales.<\/p>\n\n\n\n<div style=\"height:20px\" aria-hidden=\"true\" class=\"wp-block-spacer\"><\/div>\n\n\n\n<p><strong>La propuesta de Pr\u00e1cticas<\/strong><\/p>\n\n\n\n<p><strong>Convocatoria<\/strong><br>A Estudiantes y Graduadxs de las <strong>3 carreras<\/strong>.<br>Cantidad: 3<\/p>\n\n\n\n<p><strong>Actividades a realizar<\/strong><\/p>\n\n\n\n<ul>\n<li>Colaborar en la preparaci\u00f3n del espacio de juegos&nbsp;<\/li>\n\n\n\n<li>Coordinaci\u00f3n de las propuestas de juego para Infancias;<\/li>\n\n\n\n<li>Realizar registro f\u00edlmico\/fotogr\u00e1fico;&nbsp;<\/li>\n\n\n\n<li>Colaborar en el desarmado del espacio de juego.&nbsp;<\/li>\n<\/ul>\n\n\n\n<p><strong>La organizaci\u00f3n ofrece<\/strong><\/p>\n\n\n\n<ul>\n<li>Los materiales necesarios para poder realizar las actividades;<\/li>\n\n\n\n<li>Desayuno<\/li>\n\n\n\n<li>Una certificaci\u00f3n por haber colaborado en el evento.&nbsp;<\/li>\n<\/ul>\n\n\n\n<p><strong>La organizaci\u00f3n<\/strong><br>Programa de Acompa\u00f1amiento a Familias de ni\u00f1os y ni\u00f1as con discapacidad &#8211; COPIDIS &#8211; Subsecretar\u00eda de discapacidad.<br><a href=\"https:\/\/buenosaires.gob.ar\/vicejefatura\/copidis\">https:\/\/buenosaires.gob.ar\/vicejefatura\/copidis<\/a><\/p>\n\n\n\n<p><strong>Cronograma de trabajo\u00a0<\/strong><br>Cierre de convocatoria: martes 3\/12<br><strong>Evento: jueves 5\/12 por la ma\u00f1ana<\/strong><\/p>\n\n\n\n<p><strong>Horarios de ese d\u00eda\u00a0<\/strong><br>9 a 10 h (Montaje de juegos)\u00a0<br>10 a 11:30 h (Facilitar espacio de juego)<br>11:30 a 12 h (Guardado de juegos)<\/p>\n\n\n\n<p><strong>Direcci\u00f3n<\/strong><br>SUM del Ministerio de Desarrollo Humano y H\u00e1bitat<br>Piedra Buena 3280. (CABA)<br><a href=\"https:\/\/maps.app.goo.gl\/oWKwF38Y2o5zNFU5A\">https:\/\/maps.app.goo.gl\/oWKwF38Y2o5zNFU5A<\/a><\/p>\n\n\n\n<p><strong>Contacto<\/strong>\u00a0<br>Leo Pereyra (profe de ISTLyR) al mail <a href=\"mailto:leonardo.pereyra@bue.edu.ar\">leonardo.pereyra@bue.edu.ar<\/a><\/p>\n\n\n\n<p><strong>M\u00e1s info<\/strong><br>En el a\u00f1o asisten sin ni\u00f1os\/as pero para el cierre les invitamos con hijes.<\/p>\n","protected":false},"excerpt":{"rendered":"<p>Cierre 2024 de los Grupos de Apoyo y Orientaci\u00f3n a Familias de ni\u00f1os y ni\u00f1as con discapacidad. Invitaci\u00f3n a participar en espacio l\u00fadico de juego para ni\u00f1os y ni\u00f1as. Presentaci\u00f3n Actividad de cierre del a\u00f1o para familias de ni\u00f1os y ni\u00f1as con discapacidad que vienen asistiendo mes a mes a los grupos de apoyo y &#8230; <a title=\"Convocatoria Pr\u00e1cticas Especiales\" class=\"read-more\" href=\"https:\/\/istlyr-caba.infd.edu.ar\/sitio\/convocatoria-practicas-especiales-5\/\" aria-label=\"More on Convocatoria Pr\u00e1cticas Especiales\">[+]<\/a><\/p>\n","protected":false},"author":801,"featured_media":0,"comment_status":"closed","ping_status":"closed","sticky":false,"template":"","format":"standard","meta":[],"categories":[10],"tags":[],"acf":[],"_links":{"self":[{"href":"https:\/\/istlyr-caba.infd.edu.ar\/sitio\/wp-json\/wp\/v2\/posts\/6707"}],"collection":[{"href":"https:\/\/istlyr-caba.infd.edu.ar\/sitio\/wp-json\/wp\/v2\/posts"}],"about":[{"href":"https:\/\/istlyr-caba.infd.edu.ar\/sitio\/wp-json\/wp\/v2\/types\/post"}],"author":[{"embeddable":true,"href":"https:\/\/istlyr-caba.infd.edu.ar\/sitio\/wp-json\/wp\/v2\/users\/801"}],"replies":[{"embeddable":true,"href":"https:\/\/istlyr-caba.infd.edu.ar\/sitio\/wp-json\/wp\/v2\/comments?post=6707"}],"version-history":[{"count":1,"href":"https:\/\/istlyr-caba.infd.edu.ar\/sitio\/wp-json\/wp\/v2\/posts\/6707\/revisions"}],"predecessor-version":[{"id":6708,"href":"https:\/\/istlyr-caba.infd.edu.ar\/sitio\/wp-json\/wp\/v2\/posts\/6707\/revisions\/6708"}],"wp:attachment":[{"href":"https:\/\/istlyr-caba.infd.edu.ar\/sitio\/wp-json\/wp\/v2\/media?parent=6707"}],"wp:term":[{"taxonomy":"category","embeddable":true,"href":"https:\/\/istlyr-caba.infd.edu.ar\/sitio\/wp-json\/wp\/v2\/categories?post=6707"},{"taxonomy":"post_tag","embeddable":true,"href":"https:\/\/istlyr-caba.infd.edu.ar\/sitio\/wp-json\/wp\/v2\/tags?post=6707"}],"curies":[{"name":"wp","href":"https:\/\/api.w.org\/{rel}","templated":true}]}}