{"id":6696,"date":"2024-11-26T19:43:33","date_gmt":"2024-11-26T22:43:33","guid":{"rendered":"https:\/\/istlyr-caba.infd.edu.ar\/sitio\/?p=6696"},"modified":"2024-11-26T19:43:35","modified_gmt":"2024-11-26T22:43:35","slug":"actividad-abierta-sobre-armado-de-cv-y-carta-de-presentacion","status":"publish","type":"post","link":"https:\/\/istlyr-caba.infd.edu.ar\/sitio\/actividad-abierta-sobre-armado-de-cv-y-carta-de-presentacion\/","title":{"rendered":"Actividad abierta sobre armado de CV y Carta de Presentaci\u00f3n\u00a0"},"content":{"rendered":"\n<p>La propuesta, que se desarroll\u00f3 el 20 de noviembre, trajo muchas preguntas y reflexiones acerca de c\u00f3mo nos presentamos y buscamos el trabajo que queremos. Pensamos en todo lo que comunica m\u00e1s all\u00e1 de lo que enviamos escrito.<\/p>\n\n\n\n<figure class=\"wp-block-gallery has-nested-images columns-2 is-cropped wp-block-gallery-1 is-layout-flex\">\n<figure class=\"wp-block-image size-large\"><img decoding=\"async\" loading=\"lazy\" width=\"1280\" height=\"963\" data-id=\"6698\"  src=\"https:\/\/istlyr-caba.infd.edu.ar\/sitio\/wp-content\/uploads\/2024\/11\/WhatsApp-Image-2024-11-26-at-18.52.26.jpeg\" alt=\"\" class=\"wp-image-6698\" srcset=\"https:\/\/istlyr-caba.infd.edu.ar\/sitio\/wp-content\/uploads\/2024\/11\/WhatsApp-Image-2024-11-26-at-18.52.26.jpeg 1280w, https:\/\/istlyr-caba.infd.edu.ar\/sitio\/wp-content\/uploads\/2024\/11\/WhatsApp-Image-2024-11-26-at-18.52.26-1000x752.jpeg 1000w, https:\/\/istlyr-caba.infd.edu.ar\/sitio\/wp-content\/uploads\/2024\/11\/WhatsApp-Image-2024-11-26-at-18.52.26-768x578.jpeg 768w\" sizes=\"(max-width: 1280px) 100vw, 1280px\" \/><\/figure>\n\n\n\n<figure class=\"wp-block-image size-large\"><img decoding=\"async\" loading=\"lazy\" width=\"1280\" height=\"960\" data-id=\"6697\"  src=\"https:\/\/istlyr-caba.infd.edu.ar\/sitio\/wp-content\/uploads\/2024\/11\/WhatsApp-Image-2024-11-26-at-18.52.27-1.jpeg\" alt=\"\" class=\"wp-image-6697\" srcset=\"https:\/\/istlyr-caba.infd.edu.ar\/sitio\/wp-content\/uploads\/2024\/11\/WhatsApp-Image-2024-11-26-at-18.52.27-1.jpeg 1280w, https:\/\/istlyr-caba.infd.edu.ar\/sitio\/wp-content\/uploads\/2024\/11\/WhatsApp-Image-2024-11-26-at-18.52.27-1-1000x750.jpeg 1000w, https:\/\/istlyr-caba.infd.edu.ar\/sitio\/wp-content\/uploads\/2024\/11\/WhatsApp-Image-2024-11-26-at-18.52.27-1-768x576.jpeg 768w\" sizes=\"(max-width: 1280px) 100vw, 1280px\" \/><\/figure>\n\n\n\n<figure class=\"wp-block-image size-large\"><img decoding=\"async\" loading=\"lazy\" width=\"1280\" height=\"963\" data-id=\"6699\"  src=\"https:\/\/istlyr-caba.infd.edu.ar\/sitio\/wp-content\/uploads\/2024\/11\/WhatsApp-Image-2024-11-26-at-18.52.27-2.jpeg\" alt=\"\" class=\"wp-image-6699\" srcset=\"https:\/\/istlyr-caba.infd.edu.ar\/sitio\/wp-content\/uploads\/2024\/11\/WhatsApp-Image-2024-11-26-at-18.52.27-2.jpeg 1280w, https:\/\/istlyr-caba.infd.edu.ar\/sitio\/wp-content\/uploads\/2024\/11\/WhatsApp-Image-2024-11-26-at-18.52.27-2-1000x752.jpeg 1000w, https:\/\/istlyr-caba.infd.edu.ar\/sitio\/wp-content\/uploads\/2024\/11\/WhatsApp-Image-2024-11-26-at-18.52.27-2-768x578.jpeg 768w\" sizes=\"(max-width: 1280px) 100vw, 1280px\" \/><\/figure>\n<\/figure>\n\n\n\n<p>Cont\u00f3 con la presencia de Pablo de la Cruz Sabor y facilitado por la profesora Celeste Szklanny, en el marco de las propuestas que lleva adelante el \u00c1rea de Tutor\u00edas, a cargo del docente Santiago Barugel.<\/p>\n\n\n\n<figure class=\"wp-block-gallery has-nested-images columns-2 is-cropped wp-block-gallery-3 is-layout-flex\">\n<figure class=\"wp-block-image size-large\"><img decoding=\"async\" loading=\"lazy\" width=\"1280\" height=\"960\" data-id=\"6703\"  src=\"https:\/\/istlyr-caba.infd.edu.ar\/sitio\/wp-content\/uploads\/2024\/11\/WhatsApp-Image-2024-11-26-at-18.52.27-3-1.jpeg\" alt=\"\" class=\"wp-image-6703\" srcset=\"https:\/\/istlyr-caba.infd.edu.ar\/sitio\/wp-content\/uploads\/2024\/11\/WhatsApp-Image-2024-11-26-at-18.52.27-3-1.jpeg 1280w, https:\/\/istlyr-caba.infd.edu.ar\/sitio\/wp-content\/uploads\/2024\/11\/WhatsApp-Image-2024-11-26-at-18.52.27-3-1-1000x750.jpeg 1000w, https:\/\/istlyr-caba.infd.edu.ar\/sitio\/wp-content\/uploads\/2024\/11\/WhatsApp-Image-2024-11-26-at-18.52.27-3-1-768x576.jpeg 768w\" sizes=\"(max-width: 1280px) 100vw, 1280px\" \/><\/figure>\n\n\n\n<figure class=\"wp-block-image size-large\"><img decoding=\"async\" loading=\"lazy\" width=\"1280\" height=\"960\" data-id=\"6705\"  src=\"https:\/\/istlyr-caba.infd.edu.ar\/sitio\/wp-content\/uploads\/2024\/11\/WhatsApp-Image-2024-11-26-at-18.52.28-1.jpeg\" alt=\"\" class=\"wp-image-6705\" srcset=\"https:\/\/istlyr-caba.infd.edu.ar\/sitio\/wp-content\/uploads\/2024\/11\/WhatsApp-Image-2024-11-26-at-18.52.28-1.jpeg 1280w, https:\/\/istlyr-caba.infd.edu.ar\/sitio\/wp-content\/uploads\/2024\/11\/WhatsApp-Image-2024-11-26-at-18.52.28-1-1000x750.jpeg 1000w, https:\/\/istlyr-caba.infd.edu.ar\/sitio\/wp-content\/uploads\/2024\/11\/WhatsApp-Image-2024-11-26-at-18.52.28-1-768x576.jpeg 768w\" sizes=\"(max-width: 1280px) 100vw, 1280px\" \/><\/figure>\n\n\n\n<figure class=\"wp-block-image size-large\"><img decoding=\"async\" loading=\"lazy\" width=\"1280\" height=\"963\" data-id=\"6704\"  src=\"https:\/\/istlyr-caba.infd.edu.ar\/sitio\/wp-content\/uploads\/2024\/11\/WhatsApp-Image-2024-11-26-at-18.52.27-4.jpeg\" alt=\"\" class=\"wp-image-6704\" srcset=\"https:\/\/istlyr-caba.infd.edu.ar\/sitio\/wp-content\/uploads\/2024\/11\/WhatsApp-Image-2024-11-26-at-18.52.27-4.jpeg 1280w, https:\/\/istlyr-caba.infd.edu.ar\/sitio\/wp-content\/uploads\/2024\/11\/WhatsApp-Image-2024-11-26-at-18.52.27-4-1000x752.jpeg 1000w, https:\/\/istlyr-caba.infd.edu.ar\/sitio\/wp-content\/uploads\/2024\/11\/WhatsApp-Image-2024-11-26-at-18.52.27-4-768x578.jpeg 768w\" sizes=\"(max-width: 1280px) 100vw, 1280px\" \/><\/figure>\n<\/figure>\n","protected":false},"excerpt":{"rendered":"<p>La propuesta, que se desarroll\u00f3 el 20 de noviembre, trajo muchas preguntas y reflexiones acerca de c\u00f3mo nos presentamos y buscamos el trabajo que queremos. Pensamos en todo lo que comunica m\u00e1s all\u00e1 de lo que enviamos escrito. Cont\u00f3 con la presencia de Pablo de la Cruz Sabor y facilitado por la profesora Celeste Szklanny, &#8230; <a title=\"Actividad abierta sobre armado de CV y Carta de Presentaci\u00f3n\u00a0\" class=\"read-more\" href=\"https:\/\/istlyr-caba.infd.edu.ar\/sitio\/actividad-abierta-sobre-armado-de-cv-y-carta-de-presentacion\/\" aria-label=\"More on Actividad abierta sobre armado de CV y Carta de Presentaci\u00f3n\u00a0\">[+]<\/a><\/p>\n","protected":false},"author":766,"featured_media":6699,"comment_status":"closed","ping_status":"closed","sticky":true,"template":"","format":"standard","meta":[],"categories":[9],"tags":[],"acf":[],"_links":{"self":[{"href":"https:\/\/istlyr-caba.infd.edu.ar\/sitio\/wp-json\/wp\/v2\/posts\/6696"}],"collection":[{"href":"https:\/\/istlyr-caba.infd.edu.ar\/sitio\/wp-json\/wp\/v2\/posts"}],"about":[{"href":"https:\/\/istlyr-caba.infd.edu.ar\/sitio\/wp-json\/wp\/v2\/types\/post"}],"author":[{"embeddable":true,"href":"https:\/\/istlyr-caba.infd.edu.ar\/sitio\/wp-json\/wp\/v2\/users\/766"}],"replies":[{"embeddable":true,"href":"https:\/\/istlyr-caba.infd.edu.ar\/sitio\/wp-json\/wp\/v2\/comments?post=6696"}],"version-history":[{"count":1,"href":"https:\/\/istlyr-caba.infd.edu.ar\/sitio\/wp-json\/wp\/v2\/posts\/6696\/revisions"}],"predecessor-version":[{"id":6706,"href":"https:\/\/istlyr-caba.infd.edu.ar\/sitio\/wp-json\/wp\/v2\/posts\/6696\/revisions\/6706"}],"wp:featuredmedia":[{"embeddable":true,"href":"https:\/\/istlyr-caba.infd.edu.ar\/sitio\/wp-json\/wp\/v2\/media\/6699"}],"wp:attachment":[{"href":"https:\/\/istlyr-caba.infd.edu.ar\/sitio\/wp-json\/wp\/v2\/media?parent=6696"}],"wp:term":[{"taxonomy":"category","embeddable":true,"href":"https:\/\/istlyr-caba.infd.edu.ar\/sitio\/wp-json\/wp\/v2\/categories?post=6696"},{"taxonomy":"post_tag","embeddable":true,"href":"https:\/\/istlyr-caba.infd.edu.ar\/sitio\/wp-json\/wp\/v2\/tags?post=6696"}],"curies":[{"name":"wp","href":"https:\/\/api.w.org\/{rel}","templated":true}]}}