{"id":6534,"date":"2024-10-24T08:31:49","date_gmt":"2024-10-24T11:31:49","guid":{"rendered":"https:\/\/istlyr-caba.infd.edu.ar\/sitio\/?p=6534"},"modified":"2024-10-24T08:37:42","modified_gmt":"2024-10-24T11:37:42","slug":"el-istlyr-en-el-2-encuentro-de-recreacion-organizado-por-la-red-de-recreacion-mendoza-y-la-red-nacional-de-recreacion","status":"publish","type":"post","link":"https:\/\/istlyr-caba.infd.edu.ar\/sitio\/el-istlyr-en-el-2-encuentro-de-recreacion-organizado-por-la-red-de-recreacion-mendoza-y-la-red-nacional-de-recreacion\/","title":{"rendered":"El ISTLYR en el 2\u00b0 Encuentro de Recreaci\u00f3n organizado por la Red de Recreaci\u00f3n Mendoza y la Red Nacional de Recreaci\u00f3n"},"content":{"rendered":"\n<p>Se realiz\u00f3 del 4 al 6 de octubre con sede en la Facultad de Ciencias Pol\u00edticas y Sociales de la UNCUYO. Cont\u00f3 con el apoyo del ISTLYR y fue en esta ocasi\u00f3n organizado por la Red de Recreaci\u00f3n Mendoza.<\/p>\n\n\n\n<p>Participaron del Encuentro representantes de 8 provincias y se sumaron a la Asamblea de cierre varias m\u00e1s. Ana Gilardini, rectora del ISTLYR, represent\u00f3 a nuestro Instituto.<\/p>\n\n\n\n<p>La primera actividad general consisti\u00f3 en una mesa que cont\u00f3 con la presencia de concejales de distintos municipios, secretarios de desarrollo humano y del Intendente de Mendoza Capital, municipio que declar\u00f3 el Encuentro de inter\u00e9s cultural. El funcionario aprovech\u00f3 la ocasi\u00f3n, adem\u00e1s, para anunciar la Resoluci\u00f3n reci\u00e9n aprobada en la que se cre\u00f3 un presupuesto espec\u00edfico para el desarrollo de un Plan Departamental de Recreaci\u00f3n.<\/p>\n\n\n\n<figure class=\"wp-block-gallery has-nested-images columns-default is-cropped wp-block-gallery-1 is-layout-flex\">\n<figure class=\"wp-block-image size-large\"><img decoding=\"async\" loading=\"lazy\" width=\"1600\" height=\"1066\" data-id=\"6535\"  src=\"https:\/\/istlyr-caba.infd.edu.ar\/sitio\/wp-content\/uploads\/2024\/10\/WhatsApp-Image-2024-10-24-at-08.20.32-1.jpeg\" alt=\"\" class=\"wp-image-6535\" srcset=\"https:\/\/istlyr-caba.infd.edu.ar\/sitio\/wp-content\/uploads\/2024\/10\/WhatsApp-Image-2024-10-24-at-08.20.32-1.jpeg 1600w, https:\/\/istlyr-caba.infd.edu.ar\/sitio\/wp-content\/uploads\/2024\/10\/WhatsApp-Image-2024-10-24-at-08.20.32-1-1000x666.jpeg 1000w, https:\/\/istlyr-caba.infd.edu.ar\/sitio\/wp-content\/uploads\/2024\/10\/WhatsApp-Image-2024-10-24-at-08.20.32-1-768x512.jpeg 768w, https:\/\/istlyr-caba.infd.edu.ar\/sitio\/wp-content\/uploads\/2024\/10\/WhatsApp-Image-2024-10-24-at-08.20.32-1-1536x1023.jpeg 1536w\" sizes=\"(max-width: 1600px) 100vw, 1600px\" \/><\/figure>\n\n\n\n<figure class=\"wp-block-image size-large\"><img decoding=\"async\" loading=\"lazy\" width=\"1600\" height=\"899\" data-id=\"6536\"  src=\"https:\/\/istlyr-caba.infd.edu.ar\/sitio\/wp-content\/uploads\/2024\/10\/WhatsApp-Image-2024-10-24-at-08.20.33-1.jpeg\" alt=\"\" class=\"wp-image-6536\" srcset=\"https:\/\/istlyr-caba.infd.edu.ar\/sitio\/wp-content\/uploads\/2024\/10\/WhatsApp-Image-2024-10-24-at-08.20.33-1.jpeg 1600w, https:\/\/istlyr-caba.infd.edu.ar\/sitio\/wp-content\/uploads\/2024\/10\/WhatsApp-Image-2024-10-24-at-08.20.33-1-1000x562.jpeg 1000w, https:\/\/istlyr-caba.infd.edu.ar\/sitio\/wp-content\/uploads\/2024\/10\/WhatsApp-Image-2024-10-24-at-08.20.33-1-768x432.jpeg 768w, https:\/\/istlyr-caba.infd.edu.ar\/sitio\/wp-content\/uploads\/2024\/10\/WhatsApp-Image-2024-10-24-at-08.20.33-1-1536x863.jpeg 1536w\" sizes=\"(max-width: 1600px) 100vw, 1600px\" \/><\/figure>\n<\/figure>\n\n\n\n<p>El documento con las conclusiones del Encuentro discutido federalmente, ser\u00e1 comunicado por la Red Nacional.<\/p>\n\n\n\n<p>Entre las ponencias del Encuentro se destac\u00f3 la de la graduada Silvina Rovito, actual trabajadora del Museo Ricardo Rojas, quien en su intervenci\u00f3n despleg\u00f3 las distintas dimensiones con las que un TSTLyR puede involucrarse en un trabajo interdisciplinario desde la especificidad de la formaci\u00f3n, en este caso en el trabajo de la recreaci\u00f3n con el patrimonio de un museo.<\/p>\n\n\n\n<p>\u00a1Por m\u00e1s espacios de intercambio a nivel federal!<br>\u00a1Gracias a Mendoza por la calidez y el trabajo en la organizaci\u00f3n!<\/p>\n\n\n\n<figure class=\"wp-block-gallery has-nested-images columns-default is-cropped wp-block-gallery-3 is-layout-flex\">\n<figure class=\"wp-block-image size-large\"><img decoding=\"async\" loading=\"lazy\" width=\"1600\" height=\"1066\" data-id=\"6538\"  src=\"https:\/\/istlyr-caba.infd.edu.ar\/sitio\/wp-content\/uploads\/2024\/10\/WhatsApp-Image-2024-10-24-at-08.20.32.jpeg\" alt=\"\" class=\"wp-image-6538\" srcset=\"https:\/\/istlyr-caba.infd.edu.ar\/sitio\/wp-content\/uploads\/2024\/10\/WhatsApp-Image-2024-10-24-at-08.20.32.jpeg 1600w, https:\/\/istlyr-caba.infd.edu.ar\/sitio\/wp-content\/uploads\/2024\/10\/WhatsApp-Image-2024-10-24-at-08.20.32-1000x666.jpeg 1000w, https:\/\/istlyr-caba.infd.edu.ar\/sitio\/wp-content\/uploads\/2024\/10\/WhatsApp-Image-2024-10-24-at-08.20.32-768x512.jpeg 768w, https:\/\/istlyr-caba.infd.edu.ar\/sitio\/wp-content\/uploads\/2024\/10\/WhatsApp-Image-2024-10-24-at-08.20.32-1536x1023.jpeg 1536w\" sizes=\"(max-width: 1600px) 100vw, 1600px\" \/><\/figure>\n\n\n\n<figure class=\"wp-block-image size-large\"><img decoding=\"async\" loading=\"lazy\" width=\"1600\" height=\"899\" data-id=\"6537\"  src=\"https:\/\/istlyr-caba.infd.edu.ar\/sitio\/wp-content\/uploads\/2024\/10\/WhatsApp-Image-2024-10-24-at-08.20.33.jpeg\" alt=\"\" class=\"wp-image-6537\" srcset=\"https:\/\/istlyr-caba.infd.edu.ar\/sitio\/wp-content\/uploads\/2024\/10\/WhatsApp-Image-2024-10-24-at-08.20.33.jpeg 1600w, https:\/\/istlyr-caba.infd.edu.ar\/sitio\/wp-content\/uploads\/2024\/10\/WhatsApp-Image-2024-10-24-at-08.20.33-1000x562.jpeg 1000w, https:\/\/istlyr-caba.infd.edu.ar\/sitio\/wp-content\/uploads\/2024\/10\/WhatsApp-Image-2024-10-24-at-08.20.33-768x432.jpeg 768w, https:\/\/istlyr-caba.infd.edu.ar\/sitio\/wp-content\/uploads\/2024\/10\/WhatsApp-Image-2024-10-24-at-08.20.33-1536x863.jpeg 1536w\" sizes=\"(max-width: 1600px) 100vw, 1600px\" \/><\/figure>\n<\/figure>\n\n\n\n<figure class=\"wp-block-image size-full\"><img decoding=\"async\" loading=\"lazy\" width=\"1080\" height=\"1080\" src=\"https:\/\/istlyr-caba.infd.edu.ar\/sitio\/wp-content\/uploads\/2024\/10\/WhatsApp-Image-2024-10-24-at-08.35.01.jpeg\" alt=\"\" class=\"wp-image-6540\" srcset=\"https:\/\/istlyr-caba.infd.edu.ar\/sitio\/wp-content\/uploads\/2024\/10\/WhatsApp-Image-2024-10-24-at-08.35.01.jpeg 1080w, https:\/\/istlyr-caba.infd.edu.ar\/sitio\/wp-content\/uploads\/2024\/10\/WhatsApp-Image-2024-10-24-at-08.35.01-1000x1000.jpeg 1000w, https:\/\/istlyr-caba.infd.edu.ar\/sitio\/wp-content\/uploads\/2024\/10\/WhatsApp-Image-2024-10-24-at-08.35.01-500x500.jpeg 500w, https:\/\/istlyr-caba.infd.edu.ar\/sitio\/wp-content\/uploads\/2024\/10\/WhatsApp-Image-2024-10-24-at-08.35.01-768x768.jpeg 768w\" sizes=\"(max-width: 1080px) 100vw, 1080px\" \/><\/figure>\n","protected":false},"excerpt":{"rendered":"<p>Se realiz\u00f3 del 4 al 6 de octubre con sede en la Facultad de Ciencias Pol\u00edticas y Sociales de la UNCUYO. Cont\u00f3 con el apoyo del ISTLYR y fue en esta ocasi\u00f3n organizado por la Red de Recreaci\u00f3n Mendoza. Participaron del Encuentro representantes de 8 provincias y se sumaron a la Asamblea de cierre varias &#8230; <a title=\"El ISTLYR en el 2\u00b0 Encuentro de Recreaci\u00f3n organizado por la Red de Recreaci\u00f3n Mendoza y la Red Nacional de Recreaci\u00f3n\" class=\"read-more\" href=\"https:\/\/istlyr-caba.infd.edu.ar\/sitio\/el-istlyr-en-el-2-encuentro-de-recreacion-organizado-por-la-red-de-recreacion-mendoza-y-la-red-nacional-de-recreacion\/\" aria-label=\"More on El ISTLYR en el 2\u00b0 Encuentro de Recreaci\u00f3n organizado por la Red de Recreaci\u00f3n Mendoza y la Red Nacional de Recreaci\u00f3n\">[+]<\/a><\/p>\n","protected":false},"author":766,"featured_media":6537,"comment_status":"closed","ping_status":"closed","sticky":true,"template":"","format":"standard","meta":[],"categories":[9],"tags":[],"acf":[],"_links":{"self":[{"href":"https:\/\/istlyr-caba.infd.edu.ar\/sitio\/wp-json\/wp\/v2\/posts\/6534"}],"collection":[{"href":"https:\/\/istlyr-caba.infd.edu.ar\/sitio\/wp-json\/wp\/v2\/posts"}],"about":[{"href":"https:\/\/istlyr-caba.infd.edu.ar\/sitio\/wp-json\/wp\/v2\/types\/post"}],"author":[{"embeddable":true,"href":"https:\/\/istlyr-caba.infd.edu.ar\/sitio\/wp-json\/wp\/v2\/users\/766"}],"replies":[{"embeddable":true,"href":"https:\/\/istlyr-caba.infd.edu.ar\/sitio\/wp-json\/wp\/v2\/comments?post=6534"}],"version-history":[{"count":2,"href":"https:\/\/istlyr-caba.infd.edu.ar\/sitio\/wp-json\/wp\/v2\/posts\/6534\/revisions"}],"predecessor-version":[{"id":6541,"href":"https:\/\/istlyr-caba.infd.edu.ar\/sitio\/wp-json\/wp\/v2\/posts\/6534\/revisions\/6541"}],"wp:featuredmedia":[{"embeddable":true,"href":"https:\/\/istlyr-caba.infd.edu.ar\/sitio\/wp-json\/wp\/v2\/media\/6537"}],"wp:attachment":[{"href":"https:\/\/istlyr-caba.infd.edu.ar\/sitio\/wp-json\/wp\/v2\/media?parent=6534"}],"wp:term":[{"taxonomy":"category","embeddable":true,"href":"https:\/\/istlyr-caba.infd.edu.ar\/sitio\/wp-json\/wp\/v2\/categories?post=6534"},{"taxonomy":"post_tag","embeddable":true,"href":"https:\/\/istlyr-caba.infd.edu.ar\/sitio\/wp-json\/wp\/v2\/tags?post=6534"}],"curies":[{"name":"wp","href":"https:\/\/api.w.org\/{rel}","templated":true}]}}