{"id":6477,"date":"2024-10-04T09:45:27","date_gmt":"2024-10-04T12:45:27","guid":{"rendered":"https:\/\/istlyr-caba.infd.edu.ar\/sitio\/?p=6477"},"modified":"2024-10-04T10:19:49","modified_gmt":"2024-10-04T13:19:49","slug":"convocatorias-de-practicas-especiales-para-estudiantes-y-graduades-de-las-tres-carreras-4","status":"publish","type":"post","link":"https:\/\/istlyr-caba.infd.edu.ar\/sitio\/convocatorias-de-practicas-especiales-para-estudiantes-y-graduades-de-las-tres-carreras-4\/","title":{"rendered":"Convocatorias de Pr\u00e1cticas Especiales para estudiantes y graduades de las tres carreras"},"content":{"rendered":"\n<h2 class=\"wp-block-heading\">Festival Ant\u00f3n Pirulero&nbsp;<\/h2>\n\n\n\n<p><strong>Evento de juego organizado por el Normal 5 el s\u00e1bado 26\/10 en Su\u00e1rez y Arcamendia (Barracas)<\/strong><\/p>\n\n\n\n<p><strong>Presentaci\u00f3n<\/strong><\/p>\n\n\n\n<p>El s\u00e1bado 26 de octubre de 14 a 18hs , en el profesorado del Normal 5 celebraremos el Anton Pirulero&#x1f300;&#x1fa84;&#x1f525; nuestro evento comunitario ludico y abierto a la comunidad.<\/p>\n\n\n\n<p>Ese d\u00eda estaremos abriendo la escuela para salir a jugar, y est\u00e1n todxs invitadxs a ser parte de la propuesta!<\/p>\n\n\n\n<p>El eje que trabajaremos este a\u00f1o se llama <strong>\u00abel barrio y la Escuela traen la Memoria al presente\u00bb<\/strong>. Esta propuesta nos invita a pensar en la memoria como historia que habita el aqui y ahora.<\/p>\n\n\n\n<p>Desde esta mirada propondremos actividades, juegos y espacios l\u00fadicos.<\/p>\n\n\n\n<div style=\"height:30px\" aria-hidden=\"true\" class=\"wp-block-spacer\"><\/div>\n\n\n\n<p><strong>La propuesta de Pr\u00e1cticas implica:&nbsp;<\/strong><\/p>\n\n\n\n<p><strong>Convocatoria<\/strong><\/p>\n\n\n\n<p>A Estudiantes y Graduadxs de las <strong>3 carreras<\/strong>.<\/p>\n\n\n\n<p><strong>Actividades a realizar<\/strong><\/p>\n\n\n\n<ul>\n<li>Armado de las propuestas conectadas con el eje.<\/li>\n\n\n\n<li>Coordinar propuestas l\u00fadicas durante 2 horas dentro del marco del evento.<\/li>\n\n\n\n<li>Desarmado.<\/li>\n<\/ul>\n\n\n\n<p><strong>La organizaci\u00f3n ofrece:&nbsp;<\/strong><\/p>\n\n\n\n<ul>\n<li>Los materiales necesarios para poder realizar las actividades;<\/li>\n\n\n\n<li>Una certificaci\u00f3n por haber colaborado en el evento.<\/li>\n<\/ul>\n\n\n\n<p><em>Se puede participar solo de una parte del encuentro.<\/em><\/p>\n\n\n\n<p><strong>La organizaci\u00f3n<\/strong><\/p>\n\n\n\n<p><a href=\"https:\/\/www.instagram.com\/antonpiruleronormal5\/\">https:\/\/www.instagram.com\/antonpiruleronormal5\/<\/a><\/p>\n\n\n\n<p><strong>Cronograma de trabajo<\/strong><\/p>\n\n\n\n<p>Cierre de convocatoria: mi\u00e9rcoles 23\/10<br>Si se inscriben antes, pueden participar de las reuniones de organizaci\u00f3n.<br>Evento: s\u00e1bado 26\/10<\/p>\n\n\n\n<p><strong>Horarios de ese d\u00eda<\/strong><\/p>\n\n\n\n<p>13 h Preparaci\u00f3n de los espacios.<br>14 h Inicio de propuestas recreativas y deportivas<br>17 h Cierre de espacios de juego. Espect\u00e1culo<br>22 h Cierre y Desarmado.<\/p>\n\n\n\n<p><strong>Contacto<\/strong><\/p>\n\n\n\n<p>Leo Pereyra (profe de ISTLyR)<br>O al mail de las Pr\u00e1cticas Especiales: <a href=\"mailto:istlyrinforma@gmail.com\" target=\"_blank\" rel=\"noreferrer noopener\">istlyrinforma@gmail.com<\/a><\/p>\n","protected":false},"excerpt":{"rendered":"<p>Festival Ant\u00f3n Pirulero&nbsp; Evento de juego organizado por el Normal 5 el s\u00e1bado 26\/10 en Su\u00e1rez y Arcamendia (Barracas) Presentaci\u00f3n El s\u00e1bado 26 de octubre de 14 a 18hs , en el profesorado del Normal 5 celebraremos el Anton Pirulero&#x1f300;&#x1fa84;&#x1f525; nuestro evento comunitario ludico y abierto a la comunidad. Ese d\u00eda estaremos abriendo la escuela &#8230; <a title=\"Convocatorias de Pr\u00e1cticas Especiales para estudiantes y graduades de las tres carreras\" class=\"read-more\" href=\"https:\/\/istlyr-caba.infd.edu.ar\/sitio\/convocatorias-de-practicas-especiales-para-estudiantes-y-graduades-de-las-tres-carreras-4\/\" aria-label=\"More on Convocatorias de Pr\u00e1cticas Especiales para estudiantes y graduades de las tres carreras\">[+]<\/a><\/p>\n","protected":false},"author":801,"featured_media":0,"comment_status":"closed","ping_status":"closed","sticky":false,"template":"","format":"standard","meta":[],"categories":[10],"tags":[],"acf":[],"_links":{"self":[{"href":"https:\/\/istlyr-caba.infd.edu.ar\/sitio\/wp-json\/wp\/v2\/posts\/6477"}],"collection":[{"href":"https:\/\/istlyr-caba.infd.edu.ar\/sitio\/wp-json\/wp\/v2\/posts"}],"about":[{"href":"https:\/\/istlyr-caba.infd.edu.ar\/sitio\/wp-json\/wp\/v2\/types\/post"}],"author":[{"embeddable":true,"href":"https:\/\/istlyr-caba.infd.edu.ar\/sitio\/wp-json\/wp\/v2\/users\/801"}],"replies":[{"embeddable":true,"href":"https:\/\/istlyr-caba.infd.edu.ar\/sitio\/wp-json\/wp\/v2\/comments?post=6477"}],"version-history":[{"count":2,"href":"https:\/\/istlyr-caba.infd.edu.ar\/sitio\/wp-json\/wp\/v2\/posts\/6477\/revisions"}],"predecessor-version":[{"id":6480,"href":"https:\/\/istlyr-caba.infd.edu.ar\/sitio\/wp-json\/wp\/v2\/posts\/6477\/revisions\/6480"}],"wp:attachment":[{"href":"https:\/\/istlyr-caba.infd.edu.ar\/sitio\/wp-json\/wp\/v2\/media?parent=6477"}],"wp:term":[{"taxonomy":"category","embeddable":true,"href":"https:\/\/istlyr-caba.infd.edu.ar\/sitio\/wp-json\/wp\/v2\/categories?post=6477"},{"taxonomy":"post_tag","embeddable":true,"href":"https:\/\/istlyr-caba.infd.edu.ar\/sitio\/wp-json\/wp\/v2\/tags?post=6477"}],"curies":[{"name":"wp","href":"https:\/\/api.w.org\/{rel}","templated":true}]}}