{"id":6059,"date":"2024-07-11T13:10:40","date_gmt":"2024-07-11T16:10:40","guid":{"rendered":"https:\/\/istlyr-caba.infd.edu.ar\/sitio\/?p=6059"},"modified":"2024-07-11T13:10:41","modified_gmt":"2024-07-11T16:10:41","slug":"istlyr-abierto-3","status":"publish","type":"post","link":"https:\/\/istlyr-caba.infd.edu.ar\/sitio\/istlyr-abierto-3\/","title":{"rendered":"ISTLyR Abierto"},"content":{"rendered":"\n<p>\u00a1El ISTLyR abri\u00f3 sus clases a toda la comunidad!<\/p>\n\n\n\n<p>Recorrido por la ciudad: \u201cHistoria social argentina: desde el peronismo hasta la dictadura de 1976-83\u201d. Circuito por Avenida de Mayo, Plaza de Mayo y Manzana de las Luces. Estuvo a cargo del profesor Roberto Elisalde.<\/p>\n\n\n\n<p>Todas las actividades fueron coordinadas por el \u00c1rea de Extensi\u00f3n, Consultor\u00eda y Difusi\u00f3n del ISTLyR, profesora Mariana Bernal.<\/p>\n\n\n\n<figure class=\"wp-block-gallery has-nested-images columns-default is-cropped wp-block-gallery-1 is-layout-flex\">\n<figure class=\"wp-block-image size-large\"><img decoding=\"async\" loading=\"lazy\" width=\"640\" height=\"480\" data-id=\"6060\"  src=\"https:\/\/istlyr-caba.infd.edu.ar\/sitio\/wp-content\/uploads\/2024\/07\/image1.jpeg\" alt=\"\" class=\"wp-image-6060\"\/><\/figure>\n\n\n\n<figure class=\"wp-block-image size-large\"><img decoding=\"async\" loading=\"lazy\" width=\"480\" height=\"640\" data-id=\"6065\"  src=\"https:\/\/istlyr-caba.infd.edu.ar\/sitio\/wp-content\/uploads\/2024\/07\/image2-rotated.jpeg\" alt=\"\" class=\"wp-image-6065\"\/><\/figure>\n\n\n\n<figure class=\"wp-block-image size-large\"><img decoding=\"async\" loading=\"lazy\" width=\"640\" height=\"480\" data-id=\"6061\"  src=\"https:\/\/istlyr-caba.infd.edu.ar\/sitio\/wp-content\/uploads\/2024\/07\/image12.jpeg\" alt=\"\" class=\"wp-image-6061\"\/><\/figure>\n\n\n\n<figure class=\"wp-block-image size-large\"><img decoding=\"async\" loading=\"lazy\" width=\"480\" height=\"640\" data-id=\"6062\"  src=\"https:\/\/istlyr-caba.infd.edu.ar\/sitio\/wp-content\/uploads\/2024\/07\/image14-rotated.jpeg\" alt=\"\" class=\"wp-image-6062\"\/><\/figure>\n\n\n\n<figure class=\"wp-block-image size-large\"><img decoding=\"async\" loading=\"lazy\" width=\"480\" height=\"640\" data-id=\"6066\"  src=\"https:\/\/istlyr-caba.infd.edu.ar\/sitio\/wp-content\/uploads\/2024\/07\/image18-rotated.jpeg\" alt=\"\" class=\"wp-image-6066\"\/><\/figure>\n\n\n\n<figure class=\"wp-block-image size-large\"><img decoding=\"async\" loading=\"lazy\" width=\"480\" height=\"640\" data-id=\"6067\"  src=\"https:\/\/istlyr-caba.infd.edu.ar\/sitio\/wp-content\/uploads\/2024\/07\/image20-rotated.jpeg\" alt=\"\" class=\"wp-image-6067\"\/><\/figure>\n\n\n\n<figure class=\"wp-block-image size-large\"><img decoding=\"async\" loading=\"lazy\" width=\"640\" height=\"480\" data-id=\"6064\"  src=\"https:\/\/istlyr-caba.infd.edu.ar\/sitio\/wp-content\/uploads\/2024\/07\/image15.jpeg\" alt=\"\" class=\"wp-image-6064\"\/><\/figure>\n\n\n\n<figure class=\"wp-block-image size-large\"><img decoding=\"async\" loading=\"lazy\" width=\"480\" height=\"640\" data-id=\"6063\"  src=\"https:\/\/istlyr-caba.infd.edu.ar\/sitio\/wp-content\/uploads\/2024\/07\/image0-2-rotated.jpeg\" alt=\"\" class=\"wp-image-6063\"\/><\/figure>\n<\/figure>\n","protected":false},"excerpt":{"rendered":"<p>\u00a1El ISTLyR abri\u00f3 sus clases a toda la comunidad! Recorrido por la ciudad: \u201cHistoria social argentina: desde el peronismo hasta la dictadura de 1976-83\u201d. Circuito por Avenida de Mayo, Plaza de Mayo y Manzana de las Luces. Estuvo a cargo del profesor Roberto Elisalde. Todas las actividades fueron coordinadas por el \u00c1rea de Extensi\u00f3n, Consultor\u00eda &#8230; <a title=\"ISTLyR Abierto\" class=\"read-more\" href=\"https:\/\/istlyr-caba.infd.edu.ar\/sitio\/istlyr-abierto-3\/\" aria-label=\"More on ISTLyR Abierto\">[+]<\/a><\/p>\n","protected":false},"author":766,"featured_media":6064,"comment_status":"closed","ping_status":"closed","sticky":true,"template":"","format":"standard","meta":[],"categories":[9],"tags":[],"acf":[],"_links":{"self":[{"href":"https:\/\/istlyr-caba.infd.edu.ar\/sitio\/wp-json\/wp\/v2\/posts\/6059"}],"collection":[{"href":"https:\/\/istlyr-caba.infd.edu.ar\/sitio\/wp-json\/wp\/v2\/posts"}],"about":[{"href":"https:\/\/istlyr-caba.infd.edu.ar\/sitio\/wp-json\/wp\/v2\/types\/post"}],"author":[{"embeddable":true,"href":"https:\/\/istlyr-caba.infd.edu.ar\/sitio\/wp-json\/wp\/v2\/users\/766"}],"replies":[{"embeddable":true,"href":"https:\/\/istlyr-caba.infd.edu.ar\/sitio\/wp-json\/wp\/v2\/comments?post=6059"}],"version-history":[{"count":1,"href":"https:\/\/istlyr-caba.infd.edu.ar\/sitio\/wp-json\/wp\/v2\/posts\/6059\/revisions"}],"predecessor-version":[{"id":6068,"href":"https:\/\/istlyr-caba.infd.edu.ar\/sitio\/wp-json\/wp\/v2\/posts\/6059\/revisions\/6068"}],"wp:featuredmedia":[{"embeddable":true,"href":"https:\/\/istlyr-caba.infd.edu.ar\/sitio\/wp-json\/wp\/v2\/media\/6064"}],"wp:attachment":[{"href":"https:\/\/istlyr-caba.infd.edu.ar\/sitio\/wp-json\/wp\/v2\/media?parent=6059"}],"wp:term":[{"taxonomy":"category","embeddable":true,"href":"https:\/\/istlyr-caba.infd.edu.ar\/sitio\/wp-json\/wp\/v2\/categories?post=6059"},{"taxonomy":"post_tag","embeddable":true,"href":"https:\/\/istlyr-caba.infd.edu.ar\/sitio\/wp-json\/wp\/v2\/tags?post=6059"}],"curies":[{"name":"wp","href":"https:\/\/api.w.org\/{rel}","templated":true}]}}