{"id":5867,"date":"2024-06-25T08:23:31","date_gmt":"2024-06-25T11:23:31","guid":{"rendered":"https:\/\/istlyr-caba.infd.edu.ar\/sitio\/?p=5867"},"modified":"2024-06-25T08:23:32","modified_gmt":"2024-06-25T11:23:32","slug":"jornadas-de-pedagogia-y-educacion-social-en-el-istlyr","status":"publish","type":"post","link":"https:\/\/istlyr-caba.infd.edu.ar\/sitio\/jornadas-de-pedagogia-y-educacion-social-en-el-istlyr\/","title":{"rendered":"Jornadas de Pedagog\u00eda y Educaci\u00f3n Social en el ISTLyR"},"content":{"rendered":"\n<p><strong>LA POTENCIA DE EDUCAR HOY<\/strong><br>Entre los derechos y las derechas<\/p>\n\n\n\n<p>Entre el martes 21 y el jueves 23 de mayo llevamos a cabo estas Jornadas abiertas a toda la comunidad, con invitades de lujo que expusieron distintas facetas vinculadas a la educaci\u00f3n de hoy, entre los derechos y las derechas.<\/p>\n\n\n\n<p>El primer d\u00eda, martes 21 de mayo, tuvimos dos mesas:<\/p>\n\n\n\n<ul>\n<li>Experiencias educativas en Museos y Centros Culturales, de la que participaron:<br>Mar\u00eda Sol Santich (coordinadora \u00c1rea Educativa del Museo de Arte Moderno)<br>Max P\u00e9rez Fallik (coordinador educativo del Museo de Arte Latinoamericano)<br>Marcela Giorla (coordinadora \u00c1rea Educativa del Centro Cultural Kirchner)<br>Moder\u00f3: Vali Guidalevich &#8211; docente del ISTLyR<\/li>\n<\/ul>\n\n\n\n<ul>\n<li>Bibliotecas y mucho m\u00e1s, la potencia de leer. Con la presencia de:<br>Gisela P\u00e9rez (Biblioteca Popular la Carcova, Jos\u00e9 Le\u00f3n Su\u00e1rez)<br>Claudia Stella (Biblioteca Por los caminos del Libro)<br>Moder\u00f3 Sergio Frugoni &#8211; docente del ISTLYR<\/li>\n<\/ul>\n\n\n\n<figure class=\"wp-block-gallery has-nested-images columns-2 is-cropped wp-block-gallery-1 is-layout-flex\">\n<figure class=\"wp-block-image size-large\"><img decoding=\"async\" loading=\"lazy\" width=\"720\" height=\"720\" data-id=\"5869\"  src=\"https:\/\/istlyr-caba.infd.edu.ar\/sitio\/wp-content\/uploads\/2024\/06\/WhatsApp-Image-2024-06-25-at-08.07.32-1.jpeg\" alt=\"\" class=\"wp-image-5869\" srcset=\"https:\/\/istlyr-caba.infd.edu.ar\/sitio\/wp-content\/uploads\/2024\/06\/WhatsApp-Image-2024-06-25-at-08.07.32-1.jpeg 720w, https:\/\/istlyr-caba.infd.edu.ar\/sitio\/wp-content\/uploads\/2024\/06\/WhatsApp-Image-2024-06-25-at-08.07.32-1-500x500.jpeg 500w\" sizes=\"(max-width: 720px) 100vw, 720px\" \/><\/figure>\n\n\n\n<figure class=\"wp-block-image size-large\"><img decoding=\"async\" loading=\"lazy\" width=\"720\" height=\"720\" data-id=\"5868\"  src=\"https:\/\/istlyr-caba.infd.edu.ar\/sitio\/wp-content\/uploads\/2024\/06\/WhatsApp-Image-2024-06-25-at-08.07.32.jpeg\" alt=\"\" class=\"wp-image-5868\" srcset=\"https:\/\/istlyr-caba.infd.edu.ar\/sitio\/wp-content\/uploads\/2024\/06\/WhatsApp-Image-2024-06-25-at-08.07.32.jpeg 720w, https:\/\/istlyr-caba.infd.edu.ar\/sitio\/wp-content\/uploads\/2024\/06\/WhatsApp-Image-2024-06-25-at-08.07.32-500x500.jpeg 500w\" sizes=\"(max-width: 720px) 100vw, 720px\" \/><\/figure>\n\n\n\n<figure class=\"wp-block-image size-large\"><img decoding=\"async\" loading=\"lazy\" width=\"720\" height=\"720\" data-id=\"5872\"  src=\"https:\/\/istlyr-caba.infd.edu.ar\/sitio\/wp-content\/uploads\/2024\/06\/WhatsApp-Image-2024-06-25-at-08.07.33-1.jpeg\" alt=\"\" class=\"wp-image-5872\" srcset=\"https:\/\/istlyr-caba.infd.edu.ar\/sitio\/wp-content\/uploads\/2024\/06\/WhatsApp-Image-2024-06-25-at-08.07.33-1.jpeg 720w, https:\/\/istlyr-caba.infd.edu.ar\/sitio\/wp-content\/uploads\/2024\/06\/WhatsApp-Image-2024-06-25-at-08.07.33-1-500x500.jpeg 500w\" sizes=\"(max-width: 720px) 100vw, 720px\" \/><\/figure>\n\n\n\n<figure class=\"wp-block-image size-large\"><img decoding=\"async\" loading=\"lazy\" width=\"720\" height=\"720\" data-id=\"5873\"  src=\"https:\/\/istlyr-caba.infd.edu.ar\/sitio\/wp-content\/uploads\/2024\/06\/WhatsApp-Image-2024-06-25-at-08.07.33-2.jpeg\" alt=\"\" class=\"wp-image-5873\" srcset=\"https:\/\/istlyr-caba.infd.edu.ar\/sitio\/wp-content\/uploads\/2024\/06\/WhatsApp-Image-2024-06-25-at-08.07.33-2.jpeg 720w, https:\/\/istlyr-caba.infd.edu.ar\/sitio\/wp-content\/uploads\/2024\/06\/WhatsApp-Image-2024-06-25-at-08.07.33-2-500x500.jpeg 500w\" sizes=\"(max-width: 720px) 100vw, 720px\" \/><\/figure>\n\n\n\n<figure class=\"wp-block-image size-large\"><img decoding=\"async\" loading=\"lazy\" width=\"720\" height=\"720\" data-id=\"5871\"  src=\"https:\/\/istlyr-caba.infd.edu.ar\/sitio\/wp-content\/uploads\/2024\/06\/WhatsApp-Image-2024-06-25-at-08.07.33.jpeg\" alt=\"\" class=\"wp-image-5871\" srcset=\"https:\/\/istlyr-caba.infd.edu.ar\/sitio\/wp-content\/uploads\/2024\/06\/WhatsApp-Image-2024-06-25-at-08.07.33.jpeg 720w, https:\/\/istlyr-caba.infd.edu.ar\/sitio\/wp-content\/uploads\/2024\/06\/WhatsApp-Image-2024-06-25-at-08.07.33-500x500.jpeg 500w\" sizes=\"(max-width: 720px) 100vw, 720px\" \/><\/figure>\n\n\n\n<figure class=\"wp-block-image size-large\"><img decoding=\"async\" loading=\"lazy\" width=\"720\" height=\"720\" data-id=\"5870\"  src=\"https:\/\/istlyr-caba.infd.edu.ar\/sitio\/wp-content\/uploads\/2024\/06\/WhatsApp-Image-2024-06-25-at-08.07.34-1.jpeg\" alt=\"\" class=\"wp-image-5870\" srcset=\"https:\/\/istlyr-caba.infd.edu.ar\/sitio\/wp-content\/uploads\/2024\/06\/WhatsApp-Image-2024-06-25-at-08.07.34-1.jpeg 720w, https:\/\/istlyr-caba.infd.edu.ar\/sitio\/wp-content\/uploads\/2024\/06\/WhatsApp-Image-2024-06-25-at-08.07.34-1-500x500.jpeg 500w\" sizes=\"(max-width: 720px) 100vw, 720px\" \/><\/figure>\n\n\n\n<figure class=\"wp-block-image size-large\"><img decoding=\"async\" loading=\"lazy\" width=\"720\" height=\"720\" data-id=\"5874\"  src=\"https:\/\/istlyr-caba.infd.edu.ar\/sitio\/wp-content\/uploads\/2024\/06\/WhatsApp-Image-2024-06-25-at-08.07.34.jpeg\" alt=\"\" class=\"wp-image-5874\" srcset=\"https:\/\/istlyr-caba.infd.edu.ar\/sitio\/wp-content\/uploads\/2024\/06\/WhatsApp-Image-2024-06-25-at-08.07.34.jpeg 720w, https:\/\/istlyr-caba.infd.edu.ar\/sitio\/wp-content\/uploads\/2024\/06\/WhatsApp-Image-2024-06-25-at-08.07.34-500x500.jpeg 500w\" sizes=\"(max-width: 720px) 100vw, 720px\" \/><\/figure>\n<\/figure>\n\n\n\n<p><\/p>\n\n\n\n<p>El segundo d\u00eda, mi\u00e9rcoles 22 de mayo, contamos con dos mesas:<\/p>\n\n\n\n<ul>\n<li>Pedagog\u00edas sociales, comunitarias y populares. Di\u00e1logo con educadoras.<br>Amanda Toubes (IICE &#8211; FFYL &#8211; UBA)<br>Patricia Redondo (FLACSO &#8211; Fa HCE\/UNLP)<br>Moderador: Alan Baichman &#8211; ISTLyR<\/li>\n<\/ul>\n\n\n\n<ul>\n<li>La potencia de educar, organizaci\u00f3n y comunidad.<br>Dami\u00e1n Reynoso (equipo de Curas Villeros).<br>Nahir S\u00e1nchez Romero (referenta nacional de La Poderosa y Garganta de Calacita, Villa Soldati).<br>Moderador: Sebasti\u00e1n Prevotel &#8211; ISTLYR<\/li>\n<\/ul>\n\n\n\n<figure class=\"wp-block-gallery has-nested-images columns-2 is-cropped wp-block-gallery-3 is-layout-flex\">\n<figure class=\"wp-block-image size-large\"><img decoding=\"async\" loading=\"lazy\" width=\"720\" height=\"720\" data-id=\"5875\"  src=\"https:\/\/istlyr-caba.infd.edu.ar\/sitio\/wp-content\/uploads\/2024\/06\/WhatsApp-Image-2024-06-25-at-08.15.18.jpeg\" alt=\"\" class=\"wp-image-5875\" srcset=\"https:\/\/istlyr-caba.infd.edu.ar\/sitio\/wp-content\/uploads\/2024\/06\/WhatsApp-Image-2024-06-25-at-08.15.18.jpeg 720w, https:\/\/istlyr-caba.infd.edu.ar\/sitio\/wp-content\/uploads\/2024\/06\/WhatsApp-Image-2024-06-25-at-08.15.18-500x500.jpeg 500w\" sizes=\"(max-width: 720px) 100vw, 720px\" \/><\/figure>\n\n\n\n<figure class=\"wp-block-image size-large\"><img decoding=\"async\" loading=\"lazy\" width=\"720\" height=\"720\" data-id=\"5876\"  src=\"https:\/\/istlyr-caba.infd.edu.ar\/sitio\/wp-content\/uploads\/2024\/06\/WhatsApp-Image-2024-06-25-at-08.15.19.jpeg\" alt=\"\" class=\"wp-image-5876\" srcset=\"https:\/\/istlyr-caba.infd.edu.ar\/sitio\/wp-content\/uploads\/2024\/06\/WhatsApp-Image-2024-06-25-at-08.15.19.jpeg 720w, https:\/\/istlyr-caba.infd.edu.ar\/sitio\/wp-content\/uploads\/2024\/06\/WhatsApp-Image-2024-06-25-at-08.15.19-500x500.jpeg 500w\" sizes=\"(max-width: 720px) 100vw, 720px\" \/><\/figure>\n\n\n\n<figure class=\"wp-block-image size-large\"><img decoding=\"async\" loading=\"lazy\" width=\"720\" height=\"720\" data-id=\"5877\"  src=\"https:\/\/istlyr-caba.infd.edu.ar\/sitio\/wp-content\/uploads\/2024\/06\/WhatsApp-Image-2024-06-25-at-08.15.18-1.jpeg\" alt=\"\" class=\"wp-image-5877\" srcset=\"https:\/\/istlyr-caba.infd.edu.ar\/sitio\/wp-content\/uploads\/2024\/06\/WhatsApp-Image-2024-06-25-at-08.15.18-1.jpeg 720w, https:\/\/istlyr-caba.infd.edu.ar\/sitio\/wp-content\/uploads\/2024\/06\/WhatsApp-Image-2024-06-25-at-08.15.18-1-500x500.jpeg 500w\" sizes=\"(max-width: 720px) 100vw, 720px\" \/><\/figure>\n<\/figure>\n\n\n\n<p><\/p>\n\n\n\n<p>El tercer d\u00eda, jueves 23 de mayo, cerramos con dos mesas de lujo:<\/p>\n\n\n\n<ul>\n<li>\u00bfQu\u00e9 pueden las pol\u00edticas en los espacios socioeducativos?<br>Dami\u00e1n Travaglia (coordinador general de Estaci\u00f3n Infancia, Secretar\u00eda de Mujeres, G\u00e9neros e Infancias, San Mart\u00edn).<br>Moder\u00f3: Ana Lea Blaustein &#8211; ISTLYR.<\/li>\n<\/ul>\n\n\n\n<ul>\n<li>Formar, motivar, inspirar: pensar la docencia<br>Dar\u00edo Sztajnszrajber (escritor y profesor de Filosof\u00eda &#8211; UBA).<\/li>\n<\/ul>\n\n\n\n<figure class=\"wp-block-gallery has-nested-images columns-2 is-cropped wp-block-gallery-5 is-layout-flex\">\n<figure class=\"wp-block-image size-large\"><img decoding=\"async\" loading=\"lazy\" width=\"720\" height=\"720\" data-id=\"5878\"  src=\"https:\/\/istlyr-caba.infd.edu.ar\/sitio\/wp-content\/uploads\/2024\/06\/WhatsApp-Image-2024-06-24-at-10.22.22-1-1.jpeg\" alt=\"\" class=\"wp-image-5878\" srcset=\"https:\/\/istlyr-caba.infd.edu.ar\/sitio\/wp-content\/uploads\/2024\/06\/WhatsApp-Image-2024-06-24-at-10.22.22-1-1.jpeg 720w, https:\/\/istlyr-caba.infd.edu.ar\/sitio\/wp-content\/uploads\/2024\/06\/WhatsApp-Image-2024-06-24-at-10.22.22-1-1-500x500.jpeg 500w\" sizes=\"(max-width: 720px) 100vw, 720px\" \/><\/figure>\n\n\n\n<figure class=\"wp-block-image size-large\"><img decoding=\"async\" loading=\"lazy\" width=\"720\" height=\"720\" data-id=\"5880\"  src=\"https:\/\/istlyr-caba.infd.edu.ar\/sitio\/wp-content\/uploads\/2024\/06\/WhatsApp-Image-2024-06-24-at-10.22.23-2.jpeg\" alt=\"\" class=\"wp-image-5880\" srcset=\"https:\/\/istlyr-caba.infd.edu.ar\/sitio\/wp-content\/uploads\/2024\/06\/WhatsApp-Image-2024-06-24-at-10.22.23-2.jpeg 720w, https:\/\/istlyr-caba.infd.edu.ar\/sitio\/wp-content\/uploads\/2024\/06\/WhatsApp-Image-2024-06-24-at-10.22.23-2-500x500.jpeg 500w\" sizes=\"(max-width: 720px) 100vw, 720px\" \/><\/figure>\n\n\n\n<figure class=\"wp-block-image size-large\"><img decoding=\"async\" loading=\"lazy\" width=\"720\" height=\"720\" data-id=\"5881\"  src=\"https:\/\/istlyr-caba.infd.edu.ar\/sitio\/wp-content\/uploads\/2024\/06\/WhatsApp-Image-2024-06-24-at-10.22.23-1-1.jpeg\" alt=\"\" class=\"wp-image-5881\" srcset=\"https:\/\/istlyr-caba.infd.edu.ar\/sitio\/wp-content\/uploads\/2024\/06\/WhatsApp-Image-2024-06-24-at-10.22.23-1-1.jpeg 720w, https:\/\/istlyr-caba.infd.edu.ar\/sitio\/wp-content\/uploads\/2024\/06\/WhatsApp-Image-2024-06-24-at-10.22.23-1-1-500x500.jpeg 500w\" sizes=\"(max-width: 720px) 100vw, 720px\" \/><\/figure>\n<\/figure>\n\n\n\n<p>\u00a1Muchas gracias a todes por participar, exponer, debatir y sumarse a nuestras propuestas istlyrenses!<\/p>\n\n\n\n<p>Nos vemos en la pr\u00f3xima.<\/p>\n","protected":false},"excerpt":{"rendered":"<p>LA POTENCIA DE EDUCAR HOYEntre los derechos y las derechas Entre el martes 21 y el jueves 23 de mayo llevamos a cabo estas Jornadas abiertas a toda la comunidad, con invitades de lujo que expusieron distintas facetas vinculadas a la educaci\u00f3n de hoy, entre los derechos y las derechas. El primer d\u00eda, martes 21 &#8230; <a title=\"Jornadas de Pedagog\u00eda y Educaci\u00f3n Social en el ISTLyR\" class=\"read-more\" href=\"https:\/\/istlyr-caba.infd.edu.ar\/sitio\/jornadas-de-pedagogia-y-educacion-social-en-el-istlyr\/\" aria-label=\"More on Jornadas de Pedagog\u00eda y Educaci\u00f3n Social en el ISTLyR\">[+]<\/a><\/p>\n","protected":false},"author":766,"featured_media":5881,"comment_status":"closed","ping_status":"closed","sticky":true,"template":"","format":"standard","meta":[],"categories":[9],"tags":[],"acf":[],"_links":{"self":[{"href":"https:\/\/istlyr-caba.infd.edu.ar\/sitio\/wp-json\/wp\/v2\/posts\/5867"}],"collection":[{"href":"https:\/\/istlyr-caba.infd.edu.ar\/sitio\/wp-json\/wp\/v2\/posts"}],"about":[{"href":"https:\/\/istlyr-caba.infd.edu.ar\/sitio\/wp-json\/wp\/v2\/types\/post"}],"author":[{"embeddable":true,"href":"https:\/\/istlyr-caba.infd.edu.ar\/sitio\/wp-json\/wp\/v2\/users\/766"}],"replies":[{"embeddable":true,"href":"https:\/\/istlyr-caba.infd.edu.ar\/sitio\/wp-json\/wp\/v2\/comments?post=5867"}],"version-history":[{"count":1,"href":"https:\/\/istlyr-caba.infd.edu.ar\/sitio\/wp-json\/wp\/v2\/posts\/5867\/revisions"}],"predecessor-version":[{"id":5882,"href":"https:\/\/istlyr-caba.infd.edu.ar\/sitio\/wp-json\/wp\/v2\/posts\/5867\/revisions\/5882"}],"wp:featuredmedia":[{"embeddable":true,"href":"https:\/\/istlyr-caba.infd.edu.ar\/sitio\/wp-json\/wp\/v2\/media\/5881"}],"wp:attachment":[{"href":"https:\/\/istlyr-caba.infd.edu.ar\/sitio\/wp-json\/wp\/v2\/media?parent=5867"}],"wp:term":[{"taxonomy":"category","embeddable":true,"href":"https:\/\/istlyr-caba.infd.edu.ar\/sitio\/wp-json\/wp\/v2\/categories?post=5867"},{"taxonomy":"post_tag","embeddable":true,"href":"https:\/\/istlyr-caba.infd.edu.ar\/sitio\/wp-json\/wp\/v2\/tags?post=5867"}],"curies":[{"name":"wp","href":"https:\/\/api.w.org\/{rel}","templated":true}]}}