{"id":5685,"date":"2023-11-06T20:04:08","date_gmt":"2023-11-06T23:04:08","guid":{"rendered":"https:\/\/istlyr-caba.infd.edu.ar\/sitio\/?p=5685"},"modified":"2023-11-06T20:04:40","modified_gmt":"2023-11-06T23:04:40","slug":"infancias-y-adolescencias-entrevistas-a-referentes-de-comunidades-originarias","status":"publish","type":"post","link":"https:\/\/istlyr-caba.infd.edu.ar\/sitio\/infancias-y-adolescencias-entrevistas-a-referentes-de-comunidades-originarias\/","title":{"rendered":"Infancias y adolescencias. Entrevistas a referentes de comunidades originarias"},"content":{"rendered":"\n<p><strong>\u00bfC\u00f3mo son hoy las infancias y adolescencias en las comunidades originarias?<\/strong><\/p>\n\n\n\n<p class=\"has-text-align-right\"><strong><br>Una Investigaci\u00f3n de Gilda Sc\u00e9vola, estudiante de Recreaci\u00f3n<\/strong><\/p>\n\n\n\n<p>Yanina Llancaqueo (referente de la comunidad mapuche), Santiago Moreira, Chabeli Duarte y Graciela Moreira (referentes de la comunidad mbya guaran\u00ed Jasy Por\u00e3 ) y Jos\u00e9 Javier Rodas (director de la EIB N\u00b0 941 Jasy Por\u00e3 ), Gabriela Maldonado, Vanesa Maldonado y M\u00e1ximo Santos (referentes de la comunidad mocov\u00ed Pedro Jos\u00e9), comparten sus impresiones en las entrevistas realizadas por Gilda Sc\u00e9vola.<\/p>\n\n\n\n<p>Gilda Sc\u00e9vola es fotogr\u00e1fa y educadora. Coordina el proyecto Traductor Visual de Lenguas Originarias de PH15. Actualmente estudia Recreaci\u00f3n en el ISTLyR. Curs\u00f3 la c\u00e1tedra Sujetos I con la docente Graciela Resala. En el marco de la cursada, y a ra\u00edz del trabajo realizado con la profesora, comenz\u00f3 a desarrollar un proyecto de investigaci\u00f3n personal vinculado a las infancias y adolescencias en Comunidades Originarias.<\/p>\n\n\n\n<p>En su canal de YouTube @somosproyectopuente est\u00e1n disponibles las entrevistas que realiz\u00f3 a referentes de las comunidades mbya guaran\u00ed, mapuche y mocov\u00ed. Pueden verlas haciendo <a href=\"https:\/\/www.youtube.com\/playlist?list=PLQx1oHfyrjKhx3RLuuioByZLjSpEek5i5\" data-type=\"URL\" data-id=\"Link: https:\/\/www.youtube.com\/playlist?list=PLQx1oHfyrjKhx3RLuuioByZLjSpEek5i5\" target=\"_blank\" rel=\"noreferrer noopener\">clic aqu\u00ed<\/a><\/p>\n\n\n\n<p>Si desean comunicarse con ella pueden hacerlo a trav\u00e9s de su instangram @gildascevola o al correo <a rel=\"noreferrer noopener\" target=\"_blank\" href=\"mailto:gildascevola@gmail.com\">gildascevola@gmail.com<\/a><\/p>\n\n\n\n<figure class=\"wp-block-image size-large\"><img decoding=\"async\" loading=\"lazy\" width=\"1900\" height=\"1900\" src=\"https:\/\/istlyr-caba.infd.edu.ar\/sitio\/wp-content\/uploads\/2023\/11\/unnamed-2-1-1900x1900.jpg\" alt=\"\" class=\"wp-image-5688\" srcset=\"https:\/\/istlyr-caba.infd.edu.ar\/sitio\/wp-content\/uploads\/2023\/11\/unnamed-2-1-1900x1900.jpg 1900w, https:\/\/istlyr-caba.infd.edu.ar\/sitio\/wp-content\/uploads\/2023\/11\/unnamed-2-1-1000x1000.jpg 1000w, https:\/\/istlyr-caba.infd.edu.ar\/sitio\/wp-content\/uploads\/2023\/11\/unnamed-2-1-500x500.jpg 500w, https:\/\/istlyr-caba.infd.edu.ar\/sitio\/wp-content\/uploads\/2023\/11\/unnamed-2-1-768x768.jpg 768w, https:\/\/istlyr-caba.infd.edu.ar\/sitio\/wp-content\/uploads\/2023\/11\/unnamed-2-1-1536x1536.jpg 1536w, https:\/\/istlyr-caba.infd.edu.ar\/sitio\/wp-content\/uploads\/2023\/11\/unnamed-2-1-2048x2048.jpg 2048w\" sizes=\"(max-width: 1900px) 100vw, 1900px\" \/><\/figure>\n","protected":false},"excerpt":{"rendered":"<p>\u00bfC\u00f3mo son hoy las infancias y adolescencias en las comunidades originarias? Una Investigaci\u00f3n de Gilda Sc\u00e9vola, estudiante de Recreaci\u00f3n Yanina Llancaqueo (referente de la comunidad mapuche), Santiago Moreira, Chabeli Duarte y Graciela Moreira (referentes de la comunidad mbya guaran\u00ed Jasy Por\u00e3 ) y Jos\u00e9 Javier Rodas (director de la EIB N\u00b0 941 Jasy Por\u00e3 ), &#8230; <a title=\"Infancias y adolescencias. Entrevistas a referentes de comunidades originarias\" class=\"read-more\" href=\"https:\/\/istlyr-caba.infd.edu.ar\/sitio\/infancias-y-adolescencias-entrevistas-a-referentes-de-comunidades-originarias\/\" aria-label=\"More on Infancias y adolescencias. Entrevistas a referentes de comunidades originarias\">[+]<\/a><\/p>\n","protected":false},"author":766,"featured_media":5687,"comment_status":"closed","ping_status":"closed","sticky":true,"template":"","format":"standard","meta":[],"categories":[9],"tags":[],"acf":[],"_links":{"self":[{"href":"https:\/\/istlyr-caba.infd.edu.ar\/sitio\/wp-json\/wp\/v2\/posts\/5685"}],"collection":[{"href":"https:\/\/istlyr-caba.infd.edu.ar\/sitio\/wp-json\/wp\/v2\/posts"}],"about":[{"href":"https:\/\/istlyr-caba.infd.edu.ar\/sitio\/wp-json\/wp\/v2\/types\/post"}],"author":[{"embeddable":true,"href":"https:\/\/istlyr-caba.infd.edu.ar\/sitio\/wp-json\/wp\/v2\/users\/766"}],"replies":[{"embeddable":true,"href":"https:\/\/istlyr-caba.infd.edu.ar\/sitio\/wp-json\/wp\/v2\/comments?post=5685"}],"version-history":[{"count":3,"href":"https:\/\/istlyr-caba.infd.edu.ar\/sitio\/wp-json\/wp\/v2\/posts\/5685\/revisions"}],"predecessor-version":[{"id":5691,"href":"https:\/\/istlyr-caba.infd.edu.ar\/sitio\/wp-json\/wp\/v2\/posts\/5685\/revisions\/5691"}],"wp:featuredmedia":[{"embeddable":true,"href":"https:\/\/istlyr-caba.infd.edu.ar\/sitio\/wp-json\/wp\/v2\/media\/5687"}],"wp:attachment":[{"href":"https:\/\/istlyr-caba.infd.edu.ar\/sitio\/wp-json\/wp\/v2\/media?parent=5685"}],"wp:term":[{"taxonomy":"category","embeddable":true,"href":"https:\/\/istlyr-caba.infd.edu.ar\/sitio\/wp-json\/wp\/v2\/categories?post=5685"},{"taxonomy":"post_tag","embeddable":true,"href":"https:\/\/istlyr-caba.infd.edu.ar\/sitio\/wp-json\/wp\/v2\/tags?post=5685"}],"curies":[{"name":"wp","href":"https:\/\/api.w.org\/{rel}","templated":true}]}}