{"id":4797,"date":"2022-06-09T10:22:00","date_gmt":"2022-06-09T13:22:00","guid":{"rendered":"https:\/\/istlyr-caba.infd.edu.ar\/sitio\/?p=4797"},"modified":"2022-06-25T10:13:50","modified_gmt":"2022-06-25T13:13:50","slug":"empezar-a-estudiar-en-agosto","status":"publish","type":"post","link":"https:\/\/istlyr-caba.infd.edu.ar\/sitio\/empezar-a-estudiar-en-agosto\/","title":{"rendered":"Empezar a estudiar en agosto"},"content":{"rendered":"\n<p>Las preinscripciones para empezar a cursar en el segundo cuatrimestre se realizan de manera online, hasta el 27 de junio, a trav\u00e9s de este enlace: <br><a rel=\"noreferrer noopener\" href=\"https:\/\/guarani-autogestionagencia.bue.edu.ar\/preinscripcion\/SSAALV\/acceso\" target=\"_blank\">https:\/\/guarani-autogestionagencia.bue.edu.ar\/preinscripcion\/SSAALV\/acceso<\/a><\/p>\n\n\n\n<p>Si ten\u00e9s alg\u00fan inconveniente o alguna duda durante el proceso de pre inscripci\u00f3n online, comunicate con <a href=\"https:\/\/docs.google.com\/forms\/d\/e\/1FAIpQLSeJVB9cpOIJpG5oSyq-YEFhGWqwJ0Nm2tgzy6rlAtjxVkovJw\/viewform\" target=\"_blank\" rel=\"noreferrer noopener\">la mesa de ayuda para aspirantes,<\/a> o al siguiente mail: <a href=\"mailto:ssaalv.siu@bue.edu.ar\" target=\"_blank\" rel=\"noreferrer noopener\">ssaalv.siu@bue.edu.ar<\/a><\/p>\n\n\n\n<p>En nuestra p\u00e1gina web encontrar\u00e1s toda la informaci\u00f3n relativa a las tres tecnicaturas p\u00fablicas, gratuitas, libres e inclusivas que dictamos en el ISTLyR:<br><br><a rel=\"noreferrer noopener\" href=\"https:\/\/istlyr-caba.infd.edu.ar\/sitio\/tecnicatura-superior-en-comunicacion-social\/\" target=\"_blank\">\u2022 Comunicaci\u00f3n Social orientada al Desarrollo Local<\/a><br><a rel=\"noreferrer noopener\" href=\"https:\/\/istlyr-caba.infd.edu.ar\/sitio\/tecnicatura-superior-en-pedagogia-y-educacion-social\/\" target=\"_blank\">\u2022 Pedagog\u00eda y Educaci\u00f3n Social<\/a><br><a rel=\"noreferrer noopener\" href=\"https:\/\/istlyr-caba.infd.edu.ar\/sitio\/tecnicatura-superior-en-tiempo-libre-y-recreacion\/\" target=\"_blank\">\u2022 Tiempo Libre y Recreaci\u00f3n<\/a><br><br>All\u00ed aparecen tambi\u00e9n sus <a rel=\"noreferrer noopener\" href=\"https:\/\/istlyr-caba.infd.edu.ar\/sitio\/\" target=\"_blank\">planes de estudios<\/a>.<\/p>\n\n\n\n<hr class=\"wp-block-separator\"\/>\n\n\n\n<p><strong>MUY IMPORTANTE <\/strong><br>&#x2714;&#xfe0f; El horario de las clases en el ISTLyR es solamente de 18:50 a 23 horas.<br>&#x2714;&#xfe0f;Por favor, no olvides cargar tu DNI y tu t\u00edtulo secundario completo al inscribirte, son requisitos fundamentales.<\/p>\n\n\n\n<p>En el ISTLyR te estamos esperando.<\/p>\n","protected":false},"excerpt":{"rendered":"<p>Las preinscripciones para empezar a cursar en el segundo cuatrimestre se realizan de manera online, hasta el 27 de junio, a trav\u00e9s de este enlace: https:\/\/guarani-autogestionagencia.bue.edu.ar\/preinscripcion\/SSAALV\/acceso Si ten\u00e9s alg\u00fan inconveniente o alguna duda durante el proceso de pre inscripci\u00f3n online, comunicate con la mesa de ayuda para aspirantes, o al siguiente mail: ssaalv.siu@bue.edu.ar En nuestra &#8230; <a title=\"Empezar a estudiar en agosto\" class=\"read-more\" href=\"https:\/\/istlyr-caba.infd.edu.ar\/sitio\/empezar-a-estudiar-en-agosto\/\" aria-label=\"More on Empezar a estudiar en agosto\">[+]<\/a><\/p>\n","protected":false},"author":716,"featured_media":0,"comment_status":"open","ping_status":"open","sticky":false,"template":"","format":"standard","meta":[],"categories":[1],"tags":[],"acf":[],"_links":{"self":[{"href":"https:\/\/istlyr-caba.infd.edu.ar\/sitio\/wp-json\/wp\/v2\/posts\/4797"}],"collection":[{"href":"https:\/\/istlyr-caba.infd.edu.ar\/sitio\/wp-json\/wp\/v2\/posts"}],"about":[{"href":"https:\/\/istlyr-caba.infd.edu.ar\/sitio\/wp-json\/wp\/v2\/types\/post"}],"author":[{"embeddable":true,"href":"https:\/\/istlyr-caba.infd.edu.ar\/sitio\/wp-json\/wp\/v2\/users\/716"}],"replies":[{"embeddable":true,"href":"https:\/\/istlyr-caba.infd.edu.ar\/sitio\/wp-json\/wp\/v2\/comments?post=4797"}],"version-history":[{"count":2,"href":"https:\/\/istlyr-caba.infd.edu.ar\/sitio\/wp-json\/wp\/v2\/posts\/4797\/revisions"}],"predecessor-version":[{"id":4838,"href":"https:\/\/istlyr-caba.infd.edu.ar\/sitio\/wp-json\/wp\/v2\/posts\/4797\/revisions\/4838"}],"wp:attachment":[{"href":"https:\/\/istlyr-caba.infd.edu.ar\/sitio\/wp-json\/wp\/v2\/media?parent=4797"}],"wp:term":[{"taxonomy":"category","embeddable":true,"href":"https:\/\/istlyr-caba.infd.edu.ar\/sitio\/wp-json\/wp\/v2\/categories?post=4797"},{"taxonomy":"post_tag","embeddable":true,"href":"https:\/\/istlyr-caba.infd.edu.ar\/sitio\/wp-json\/wp\/v2\/tags?post=4797"}],"curies":[{"name":"wp","href":"https:\/\/api.w.org\/{rel}","templated":true}]}}