{"id":4755,"date":"2022-05-16T12:43:31","date_gmt":"2022-05-16T15:43:31","guid":{"rendered":"https:\/\/istlyr-caba.infd.edu.ar\/sitio\/?p=4755"},"modified":"2022-05-16T14:12:49","modified_gmt":"2022-05-16T17:12:49","slug":"novedades-editoriales-en-la-biblioteca-del-istlyr","status":"publish","type":"post","link":"https:\/\/istlyr-caba.infd.edu.ar\/sitio\/novedades-editoriales-en-la-biblioteca-del-istlyr\/","title":{"rendered":"\u00a1Novedades editoriales en la Biblioteca del ISTLyR!"},"content":{"rendered":"\n<p>Con mucha alegr\u00eda les contamos que durante la pandemia, con el financiamiento del FONIETP, adquirimos estos nuevos libros que pueden encontrar en la Biblio istlyrense. \u00a1Un lujazo!&nbsp;<br>Ac\u00e1 el listado que arm\u00f3 Gabriela, nuestra Bibliotecaria y algunas im\u00e1genes.<\/p>\n\n\n\n<p class=\"has-text-align-center\">&#8211;<\/p>\n\n\n\n<p><strong>AUTORES:<\/strong> Bretones, Eva, coordinador; Balaguer, Asun Pi\u00e9, coordinador<\/p>\n\n\n\n<p><strong>T\u00cdTULO:<\/strong> Cuerpos de la Educaci\u00f3n Socia<\/p>\n\n\n\n<p><strong>PUBLICACI\u00d3N:<\/strong> Barcelona : Editorial UOC, 2018<\/p>\n\n\n\n<p>&#8212;<\/p>\n\n\n\n<p><strong>AUTORA:<\/strong> Segato, Rita<\/p>\n\n\n\n<p><strong>T\u00cdTULO:<\/strong> Contra-pedagog\u00edas de la crueldad<\/p>\n\n\n\n<p><strong>PUBLICACI\u00d3N<\/strong>: Ciudad Aut\u00f3noma de Buenos Aires : Prometeo Libros, 2018<\/p>\n\n\n\n<p>&#8212;<\/p>\n\n\n\n<p><strong>AUTORES:<\/strong> Alvarez Nobell, Alejandro; Becerra, Mart\u00edn; et al.<\/p>\n\n\n\n<p><strong>T\u00cdTULO:<\/strong> La vida digital de los medios y la comunicaci\u00f3n : Ensayos sobre las audiencias, el contenido y los negocios en internet<\/p>\n\n\n\n<p><strong>PUBLICACI\u00d3N:<\/strong> Ciudad Aut\u00f3noma de Buenos Aires : Granica, 2020<\/p>\n\n\n\n<p>&#8212;<\/p>\n\n\n\n<p><strong>AUTORES:<\/strong> Magistris, Gabriela, compilador; Morales, Santiago, compilador<\/p>\n\n\n\n<p><strong>T\u00cdTULO:<\/strong> Educar hasta la ternura siempre : Del adultocentrismo al protagonismo de las ni\u00f1eces<\/p>\n\n\n\n<p><strong>PUBLICACI\u00d3N:<\/strong> Ciudad Aut\u00f3noma de Buenos Aires : Editorial Chimbote; Ternura Rebelde, 2021<\/p>\n\n\n\n<p>&#8212;<\/p>\n\n\n\n<p><strong>AUTORA:<\/strong> Morduchowicz, Roxana<\/p>\n\n\n\n<p><strong>T\u00cdTULO:<\/strong> Adolescentes, participaci\u00f3n y ciudadan\u00eda digital<\/p>\n\n\n\n<p><strong>PUBLICACI\u00d3N:<\/strong> Ciudad Aut\u00f3noma de Buenos Aires : Fondo de Cultura Econ\u00f3mica, 2021<\/p>\n\n\n\n<p>&#8212;<\/p>\n\n\n\n<p><strong>AUTOR:<\/strong> Feierstein, Daniel<\/p>\n\n\n\n<p><strong>T\u00cdTULO:<\/strong> PANDEMIA : Un balance social y pol\u00edtico de la crisis del Covid-19<\/p>\n\n\n\n<p><strong>PUBLICACI\u00d3N:<\/strong> Ciudad Aut\u00f3noma de Buenos Aires : Fondo de Cultura Econ\u00f3mica, 2021<\/p>\n\n\n\n<p>&#8212;<\/p>\n\n\n\n<p><strong>AUTOR:<\/strong> Nicastro, Sandra<\/p>\n\n\n\n<p><strong>T\u00cdTULO:<\/strong> Trabajar en la escuela : an\u00e1lisis de pr\u00e1cticas y experiencias de formaci\u00f3n<\/p>\n\n\n\n<p><strong>PUBLICACI\u00d3N:<\/strong> Rosario : Homo Sapiens Ediciones, 2018<\/p>\n\n\n\n<p>&#8212;<\/p>\n\n\n\n<p><strong>AUTOR:<\/strong> Tonucci, Francesco<\/p>\n\n\n\n<p><strong>T\u00cdTULO:<\/strong> Cuando los ni\u00f1os dicen: \u00a1BASTA!<\/p>\n\n\n\n<p><strong>PUBLICACI\u00d3N:<\/strong> Buenos Aires : Losada, 2014<\/p>\n\n\n\n<p>&#8212;<\/p>\n\n\n\n<p><strong>AUTOR:<\/strong> Feierstein, Daniel<\/p>\n\n\n\n<p><strong>T\u00cdTULO:<\/strong> Memorias y representaciones : Sobre la elaboraci\u00f3n del genocidio<\/p>\n\n\n\n<p><strong>PUBLICACI\u00d3N:<\/strong> Ciudad Aut\u00f3noma de Buenos Aires : Fondo de Cultura Econ\u00f3mica, 2019<\/p>\n\n\n\n<p>&#8212;<\/p>\n\n\n\n<p><strong>AUTOR:<\/strong> Spiegelman, Art<\/p>\n\n\n\n<p><strong>T\u00cdTULO:<\/strong> Maus : Relato de un Superviviente<\/p>\n\n\n\n<p><strong>PUBLICACI\u00d3N:<\/strong> Buenos Aires : Reservoir Books, 2019<\/p>\n\n\n\n<p>&#8212;<\/p>\n\n\n\n<p><strong>AUTORA:<\/strong> Moreno, Mar\u00eda<\/p>\n\n\n\n<p><strong>T\u00cdTULO:<\/strong> La Comuna de Buenos Aires : Relatos al pie del 2001<\/p>\n\n\n\n<p><strong>PUBLICACI\u00d3N:<\/strong> Ciudad Aut\u00f3noma de Buenos Aires : Literatura Random House, 2021<\/p>\n\n\n\n<p>&#8212;<\/p>\n\n\n\n<p><strong>AUTORES:<\/strong> Garc\u00eda, Ana Laura, compilador; Pagano, Ana; Montesinos, Mar\u00eda Paula; Sanchez, Cynthia; Soto, Mar\u00eda Florencia; Kurlat, Silvina<\/p>\n\n\n\n<p><strong>T\u00cdTULO:<\/strong> Pedagog\u00eda y Educaci\u00f3n Social : Aportes en clave de formaci\u00f3n y reflexi\u00f3n sobre las pr\u00e1cticas<\/p>\n\n\n\n<p><strong>PUBLICACI\u00d3N:<\/strong> Ciudad Aut\u00f3noma de Buenos Aires : Lugar Editorial, 2021<\/p>\n\n\n\n<p>&#8212;<\/p>\n\n\n\n<p><strong>AUTORES:<\/strong> Castillo Carbonell, Miquel; Paredes Navarro, Lydia; Bou Blanco, Mireia<\/p>\n\n\n\n<p><strong>T\u00cdTULO:<\/strong> La Escuela y su comunidad : La contribuci\u00f3n de la educaci\u00f3n social<\/p>\n\n\n\n<p><strong>PUBLICACI\u00d3N:<\/strong> Bogot\u00e1 : Edit. Magisterio, 2017<\/p>\n\n\n\n<p>&#8212;<\/p>\n\n\n\n<p><strong>AUTORA:<\/strong> Maggio, Mariana<\/p>\n\n\n\n<p><strong>T\u00cdTULO:<\/strong> Educaci\u00f3n en Pandemia : Gu\u00eda de supervivencia para docentes y familias<\/p>\n\n\n\n<p><strong>PUBLICACI\u00d3N<\/strong>: Ciudad Aut\u00f3noma de Buenos Aires : Paidos, 2021<\/p>\n\n\n\n<p>&#8212;<\/p>\n\n\n\n<p><strong>AUTOR:<\/strong> Saccomano, Guillermo<\/p>\n\n\n\n<p><strong>T\u00cdTULO:<\/strong> Un Maestro : Una historia de lucha, una lecci\u00f3n de vida<\/p>\n\n\n\n<p><strong>PUBLICACI\u00d3N:<\/strong> Ciudad de Buenos Aires : Planeta, 2012<\/p>\n\n\n\n<p>&#8212;<\/p>\n\n\n\n<p><strong>AUTOR:<\/strong> Castel, Robert<\/p>\n\n\n\n<p><strong>T\u00cdTULO:<\/strong> La inseguridad social : \u00bfque es estar protegido?<\/p>\n\n\n\n<p><strong>PUBLICACI\u00d3N:<\/strong> Buenos Aires : Manantial, 2015<\/p>\n\n\n\n<p>&#8212;<\/p>\n\n\n\n<p><strong>AUTOR:<\/strong> Eco, Humberto<\/p>\n\n\n\n<p><strong>T\u00cdTULO:<\/strong> Apocal\u00edpticos e integrados<\/p>\n\n\n\n<p><strong>PUBLICACI\u00d3N:<\/strong> Buenos Aires : Debolsillo, 2016<\/p>\n\n\n\n<p>&#8212;<\/p>\n\n\n\n<p><strong>AUTORA:<\/strong> Canavese, Mariana<\/p>\n\n\n\n<p><strong>T\u00cdTULO:<\/strong> Los usos de Foucault en la Argentina : Recepci\u00f3n y circulaci\u00f3n desde los a\u00f1os cincuenta hasta nuestros d\u00edas<\/p>\n\n\n\n<p><strong>PUBLICACI\u00d3N:<\/strong> Buenos Aires : Siglo&nbsp; Veintiuno Editores, 2015<\/p>\n\n\n\n<p>&#8212;<\/p>\n\n\n\n<p><strong>AUTORES:<\/strong> Rinesi, Eduardo; Moyano, Julio; Forster, Ricardo<\/p>\n\n\n\n<p><strong>T\u00cdTULO:<\/strong> Pensadores de la comunicaci\u00f3n Argentina: Oscar Landi, Jorge B. Rivera, Nicol\u00e1s Casullo<\/p>\n\n\n\n<p><strong>PUBLICACI\u00d3N:<\/strong> Los Polvorines : Universidad Nacional de General Sarmiento, 2018<\/p>\n\n\n\n<figure class=\"wp-block-gallery columns-1 is-cropped wp-block-gallery-1 is-layout-flex\"><ul class=\"blocks-gallery-grid\"><li class=\"blocks-gallery-item\"><figure><img decoding=\"async\" loading=\"lazy\" width=\"1438\" height=\"1533\" src=\"https:\/\/istlyr-caba.infd.edu.ar\/sitio\/wp-content\/uploads\/2022\/05\/PHOTO-2022-05-10-19-36-07.jpg\" alt=\"\" data-id=\"4756\" data-link=\"https:\/\/istlyr-caba.infd.edu.ar\/sitio\/?attachment_id=4756#main\" class=\"wp-image-4756\" srcset=\"https:\/\/istlyr-caba.infd.edu.ar\/sitio\/wp-content\/uploads\/2022\/05\/PHOTO-2022-05-10-19-36-07.jpg 1438w, https:\/\/istlyr-caba.infd.edu.ar\/sitio\/wp-content\/uploads\/2022\/05\/PHOTO-2022-05-10-19-36-07-938x1000.jpg 938w, https:\/\/istlyr-caba.infd.edu.ar\/sitio\/wp-content\/uploads\/2022\/05\/PHOTO-2022-05-10-19-36-07-768x819.jpg 768w\" sizes=\"(max-width: 1438px) 100vw, 1438px\" \/><\/figure><\/li><\/ul><\/figure>\n\n\n\n<figure class=\"wp-block-image size-large\"><img decoding=\"async\" loading=\"lazy\" width=\"1200\" height=\"1600\" src=\"https:\/\/istlyr-caba.infd.edu.ar\/sitio\/wp-content\/uploads\/2022\/05\/PHOTO-2022-05-10-19-36-40-1.jpg\" alt=\"\" class=\"wp-image-4759\" srcset=\"https:\/\/istlyr-caba.infd.edu.ar\/sitio\/wp-content\/uploads\/2022\/05\/PHOTO-2022-05-10-19-36-40-1.jpg 1200w, https:\/\/istlyr-caba.infd.edu.ar\/sitio\/wp-content\/uploads\/2022\/05\/PHOTO-2022-05-10-19-36-40-1-750x1000.jpg 750w, https:\/\/istlyr-caba.infd.edu.ar\/sitio\/wp-content\/uploads\/2022\/05\/PHOTO-2022-05-10-19-36-40-1-768x1024.jpg 768w, https:\/\/istlyr-caba.infd.edu.ar\/sitio\/wp-content\/uploads\/2022\/05\/PHOTO-2022-05-10-19-36-40-1-1152x1536.jpg 1152w\" sizes=\"(max-width: 1200px) 100vw, 1200px\" \/><\/figure>\n\n\n\n<figure class=\"wp-block-image size-large\"><img decoding=\"async\" loading=\"lazy\" width=\"1600\" height=\"1200\" src=\"https:\/\/istlyr-caba.infd.edu.ar\/sitio\/wp-content\/uploads\/2022\/05\/PHOTO-2022-05-10-19-36-53-1.jpg\" alt=\"\" class=\"wp-image-4760\" srcset=\"https:\/\/istlyr-caba.infd.edu.ar\/sitio\/wp-content\/uploads\/2022\/05\/PHOTO-2022-05-10-19-36-53-1.jpg 1600w, https:\/\/istlyr-caba.infd.edu.ar\/sitio\/wp-content\/uploads\/2022\/05\/PHOTO-2022-05-10-19-36-53-1-1000x750.jpg 1000w, https:\/\/istlyr-caba.infd.edu.ar\/sitio\/wp-content\/uploads\/2022\/05\/PHOTO-2022-05-10-19-36-53-1-768x576.jpg 768w, https:\/\/istlyr-caba.infd.edu.ar\/sitio\/wp-content\/uploads\/2022\/05\/PHOTO-2022-05-10-19-36-53-1-1536x1152.jpg 1536w\" sizes=\"(max-width: 1600px) 100vw, 1600px\" \/><\/figure>\n\n\n\n<figure class=\"wp-block-image size-large\"><img decoding=\"async\" loading=\"lazy\" width=\"1200\" height=\"1600\" src=\"https:\/\/istlyr-caba.infd.edu.ar\/sitio\/wp-content\/uploads\/2022\/05\/PHOTO-2022-05-10-19-37-32.jpg\" alt=\"\" class=\"wp-image-4761\" srcset=\"https:\/\/istlyr-caba.infd.edu.ar\/sitio\/wp-content\/uploads\/2022\/05\/PHOTO-2022-05-10-19-37-32.jpg 1200w, https:\/\/istlyr-caba.infd.edu.ar\/sitio\/wp-content\/uploads\/2022\/05\/PHOTO-2022-05-10-19-37-32-750x1000.jpg 750w, https:\/\/istlyr-caba.infd.edu.ar\/sitio\/wp-content\/uploads\/2022\/05\/PHOTO-2022-05-10-19-37-32-768x1024.jpg 768w, https:\/\/istlyr-caba.infd.edu.ar\/sitio\/wp-content\/uploads\/2022\/05\/PHOTO-2022-05-10-19-37-32-1152x1536.jpg 1152w\" sizes=\"(max-width: 1200px) 100vw, 1200px\" \/><\/figure>\n\n\n\n<figure class=\"wp-block-image size-large\"><img decoding=\"async\" loading=\"lazy\" width=\"1600\" height=\"1200\" src=\"https:\/\/istlyr-caba.infd.edu.ar\/sitio\/wp-content\/uploads\/2022\/05\/PHOTO-2022-05-10-19-37-52.jpg\" alt=\"\" class=\"wp-image-4762\" srcset=\"https:\/\/istlyr-caba.infd.edu.ar\/sitio\/wp-content\/uploads\/2022\/05\/PHOTO-2022-05-10-19-37-52.jpg 1600w, https:\/\/istlyr-caba.infd.edu.ar\/sitio\/wp-content\/uploads\/2022\/05\/PHOTO-2022-05-10-19-37-52-1000x750.jpg 1000w, https:\/\/istlyr-caba.infd.edu.ar\/sitio\/wp-content\/uploads\/2022\/05\/PHOTO-2022-05-10-19-37-52-768x576.jpg 768w, https:\/\/istlyr-caba.infd.edu.ar\/sitio\/wp-content\/uploads\/2022\/05\/PHOTO-2022-05-10-19-37-52-1536x1152.jpg 1536w\" sizes=\"(max-width: 1600px) 100vw, 1600px\" \/><\/figure>\n","protected":false},"excerpt":{"rendered":"<p>Con mucha alegr\u00eda les contamos que durante la pandemia, con el financiamiento del FONIETP, adquirimos estos nuevos libros que pueden encontrar en la Biblio istlyrense. \u00a1Un lujazo!&nbsp;Ac\u00e1 el listado que arm\u00f3 Gabriela, nuestra Bibliotecaria y algunas im\u00e1genes. &#8211; AUTORES: Bretones, Eva, coordinador; Balaguer, Asun Pi\u00e9, coordinador T\u00cdTULO: Cuerpos de la Educaci\u00f3n Socia PUBLICACI\u00d3N: Barcelona : &#8230; <a title=\"\u00a1Novedades editoriales en la Biblioteca del ISTLyR!\" class=\"read-more\" href=\"https:\/\/istlyr-caba.infd.edu.ar\/sitio\/novedades-editoriales-en-la-biblioteca-del-istlyr\/\" aria-label=\"More on \u00a1Novedades editoriales en la Biblioteca del ISTLyR!\">[+]<\/a><\/p>\n","protected":false},"author":766,"featured_media":0,"comment_status":"closed","ping_status":"closed","sticky":false,"template":"","format":"standard","meta":[],"categories":[7],"tags":[],"acf":[],"_links":{"self":[{"href":"https:\/\/istlyr-caba.infd.edu.ar\/sitio\/wp-json\/wp\/v2\/posts\/4755"}],"collection":[{"href":"https:\/\/istlyr-caba.infd.edu.ar\/sitio\/wp-json\/wp\/v2\/posts"}],"about":[{"href":"https:\/\/istlyr-caba.infd.edu.ar\/sitio\/wp-json\/wp\/v2\/types\/post"}],"author":[{"embeddable":true,"href":"https:\/\/istlyr-caba.infd.edu.ar\/sitio\/wp-json\/wp\/v2\/users\/766"}],"replies":[{"embeddable":true,"href":"https:\/\/istlyr-caba.infd.edu.ar\/sitio\/wp-json\/wp\/v2\/comments?post=4755"}],"version-history":[{"count":5,"href":"https:\/\/istlyr-caba.infd.edu.ar\/sitio\/wp-json\/wp\/v2\/posts\/4755\/revisions"}],"predecessor-version":[{"id":4769,"href":"https:\/\/istlyr-caba.infd.edu.ar\/sitio\/wp-json\/wp\/v2\/posts\/4755\/revisions\/4769"}],"wp:attachment":[{"href":"https:\/\/istlyr-caba.infd.edu.ar\/sitio\/wp-json\/wp\/v2\/media?parent=4755"}],"wp:term":[{"taxonomy":"category","embeddable":true,"href":"https:\/\/istlyr-caba.infd.edu.ar\/sitio\/wp-json\/wp\/v2\/categories?post=4755"},{"taxonomy":"post_tag","embeddable":true,"href":"https:\/\/istlyr-caba.infd.edu.ar\/sitio\/wp-json\/wp\/v2\/tags?post=4755"}],"curies":[{"name":"wp","href":"https:\/\/api.w.org\/{rel}","templated":true}]}}