{"id":4652,"date":"2022-04-01T21:32:34","date_gmt":"2022-04-02T00:32:34","guid":{"rendered":"https:\/\/istlyr-caba.infd.edu.ar\/sitio\/?p=4652"},"modified":"2022-04-01T21:32:37","modified_gmt":"2022-04-02T00:32:37","slug":"eleccion-de-cargos-institucionales-2022","status":"publish","type":"post","link":"https:\/\/istlyr-caba.infd.edu.ar\/sitio\/eleccion-de-cargos-institucionales-2022\/","title":{"rendered":"Elecci\u00f3n de cargos institucionales 2022"},"content":{"rendered":"\n<p><\/p>\n\n\n\n<p><strong>Con amplia participaci\u00f3n, tal como fue decidido por el Consejo Directivo del ISTLyR, entre el 25 y el 31 de marzo se realizaron las elecciones al interior del claustro docente para desempe\u00f1ar cargos institucionales cuyos mandatos se encontraban vencidos y cuya renovaci\u00f3n es fundamental para fortalecer la gesti\u00f3n institucional y la labor acad\u00e9mica.<\/strong><\/p>\n\n\n\n<p>En el escrutinio realizado a las 22.30 h estuvieron presentes Natalia La Greca (PyES), Ana Laura Razetto (Secretaria), Dami\u00e1n Calvo (Regente) y Florencia Finnegan (Vicerrectora).<\/p>\n\n\n\n<p>Los resultados de ese acto eleccionario son los siguientes:<\/p>\n\n\n\n<p><strong>Cargos de Jefaturas de Departamento y de Coordinaciones institucionales<\/strong><\/p>\n\n\n\n<p><strong>Total de votos emitidos: 62<\/strong><\/p>\n\n\n\n<figure class=\"wp-block-table\"><table><tbody><tr><td>Cargo institucional<\/td><td>Postulantes<\/td><td>Votos obtenidos<\/td><\/tr><tr><td>&nbsp;<\/td><td>&nbsp;<\/td><td>Positivos<\/td><td>En blanco<\/td><\/tr><tr><td>&nbsp;<\/td><td>&nbsp;<\/td><td>&nbsp;<\/td><td>&nbsp;<\/td><\/tr><tr><td><strong>Departamento de Investigaci\u00f3n<\/strong><\/td><td>Florencia Soto<\/td><td>52<\/td><td>10<\/td><\/tr><tr><td><strong>Departamento de Formaci\u00f3n Te\u00f3rica<\/strong><\/td><td>Paula Montesinos<\/td><td>53<\/td><td>9<\/td><\/tr><tr><td><strong>Responsable del \u00c1rea de Pr\u00e1cticas Especiales<\/strong>:<\/td><td>Ramiro Coelho<\/td><td>50<\/td><td>12<\/td><\/tr><tr><td><strong>Responsable del \u00c1rea de Extensi\u00f3n, Difusi\u00f3n y Consultor\u00eda<\/strong><\/td><td>Mariana Bernal<\/td><td>55<\/td><td>7<\/td><\/tr><tr><td><strong>Responsable del \u00c1rea de Investigaci\u00f3n Institucional y del Campo Profesional<\/strong><\/td><td>Paola Rubinsztain<\/td><td>50<\/td><td>12<\/td><\/tr><\/tbody><\/table><\/figure>\n\n\n\n<p><strong>Cargos de Coordinaci\u00f3n de \u00c1rea de las Tecnicaturas<\/strong><\/p>\n\n\n\n<figure class=\"wp-block-table\"><table><tbody><tr><td>&nbsp;<\/td><td>Coordinaci\u00f3n de \u00c1rea<\/td><td>Postulantes<\/td><td>Votos obtenidos<\/td><\/tr><tr><td>&nbsp;<\/td><td>&nbsp;<\/td><td>&nbsp;<\/td><td>Positivos<\/td><td>En blanco<\/td><\/tr><tr><td><br><strong>TS en Pedagog\u00eda y Educaci\u00f3n Social<\/strong><br>Total votos emitidos:\u00a018 \u00a0<\/td><\/tr><tr><td>\u00a0<\/td><td>Formulaci\u00f3n y Gesti\u00f3n de Proyectos Socioeducativos<\/td><td>Cynthia S\u00e1nchez<\/td><td>18<\/td><td>&#8212;<\/td><\/tr><tr><td>&nbsp;<\/td><td>Pr\u00e1cticas Profesionalizantes<\/td><td>Paula Montesinos<\/td><td>17<\/td><td>1<\/td><\/tr><tr><td><strong>TS en Comunicaci\u00f3n Social Orientada al <\/strong>Desarrollo local <br>Total votos emitidos:\u00a0 18 \u00a0<\/td><td>&nbsp;<\/td><\/tr><tr><td>&nbsp;<\/td><td>Pr\u00e1cticas Profesionalizantes<\/td><td>Ana Carona Pardo<\/td><td>16<\/td><td>2<\/td><\/tr><tr><td>&nbsp;<\/td><td>Formaci\u00f3n General y Te\u00f3rica en Comunicaci\u00f3n<\/td><td>Gabriela Bustos<\/td><td>16<\/td><td>2<\/td><\/tr><tr><td>&nbsp;<\/td><td>Formaci\u00f3n Multimedial Talleres<\/td><td>Sebasti\u00e1n Prevotel<\/td><td>17<\/td><td>1<\/td><\/tr><tr><td><strong>TS en Tiempo Libre y Recreaci\u00f3n <\/strong><br>Total votos emitidos: 26<\/td><\/tr><tr><td>&nbsp;<\/td><td>Sociedad, Cultura y Tiempo Libre &#8211; Sujetos, instituciones y contextos<\/td><td>Julieta Nebra<\/td><td>24<\/td><td>2<\/td><\/tr><tr><td>&nbsp;<\/td><td>Recreaci\u00f3n, Pedagog\u00eda y Proyectos<\/td><td>Gladys Casta\u00f1eda &nbsp; Leonardo Pereyra<\/td><td>16<br><br>8<\/td><td>1 <br><br>1<\/td><\/tr><tr><td>&nbsp;<\/td><td>Arte, Expresi\u00f3n y Lenguajes<\/td><td>Jimena Gonz\u00e1lez Alsina<\/td><td>23<\/td><td>3<\/td><\/tr><\/tbody><\/table><\/figure>\n\n\n\n<p>\u00a1Les damos la bienvenida a les colegas y les convocamos a la construcci\u00f3n colectiva del ISTLyR!<\/p>\n\n\n\n<p><strong>Equipo Directivo<\/strong><\/p>\n","protected":false},"excerpt":{"rendered":"<p>Con amplia participaci\u00f3n, tal como fue decidido por el Consejo Directivo del ISTLyR, entre el 25 y el 31 de marzo se realizaron las elecciones al interior del claustro docente para desempe\u00f1ar cargos institucionales cuyos mandatos se encontraban vencidos y cuya renovaci\u00f3n es fundamental para fortalecer la gesti\u00f3n institucional y la labor acad\u00e9mica. En el &#8230; <a title=\"Elecci\u00f3n de cargos institucionales 2022\" class=\"read-more\" href=\"https:\/\/istlyr-caba.infd.edu.ar\/sitio\/eleccion-de-cargos-institucionales-2022\/\" aria-label=\"More on Elecci\u00f3n de cargos institucionales 2022\">[+]<\/a><\/p>\n","protected":false},"author":766,"featured_media":0,"comment_status":"open","ping_status":"open","sticky":false,"template":"","format":"standard","meta":[],"categories":[9,8,7],"tags":[],"acf":[],"_links":{"self":[{"href":"https:\/\/istlyr-caba.infd.edu.ar\/sitio\/wp-json\/wp\/v2\/posts\/4652"}],"collection":[{"href":"https:\/\/istlyr-caba.infd.edu.ar\/sitio\/wp-json\/wp\/v2\/posts"}],"about":[{"href":"https:\/\/istlyr-caba.infd.edu.ar\/sitio\/wp-json\/wp\/v2\/types\/post"}],"author":[{"embeddable":true,"href":"https:\/\/istlyr-caba.infd.edu.ar\/sitio\/wp-json\/wp\/v2\/users\/766"}],"replies":[{"embeddable":true,"href":"https:\/\/istlyr-caba.infd.edu.ar\/sitio\/wp-json\/wp\/v2\/comments?post=4652"}],"version-history":[{"count":1,"href":"https:\/\/istlyr-caba.infd.edu.ar\/sitio\/wp-json\/wp\/v2\/posts\/4652\/revisions"}],"predecessor-version":[{"id":4653,"href":"https:\/\/istlyr-caba.infd.edu.ar\/sitio\/wp-json\/wp\/v2\/posts\/4652\/revisions\/4653"}],"wp:attachment":[{"href":"https:\/\/istlyr-caba.infd.edu.ar\/sitio\/wp-json\/wp\/v2\/media?parent=4652"}],"wp:term":[{"taxonomy":"category","embeddable":true,"href":"https:\/\/istlyr-caba.infd.edu.ar\/sitio\/wp-json\/wp\/v2\/categories?post=4652"},{"taxonomy":"post_tag","embeddable":true,"href":"https:\/\/istlyr-caba.infd.edu.ar\/sitio\/wp-json\/wp\/v2\/tags?post=4652"}],"curies":[{"name":"wp","href":"https:\/\/api.w.org\/{rel}","templated":true}]}}