{"id":3130,"date":"2019-04-28T14:17:22","date_gmt":"2019-04-28T17:17:22","guid":{"rendered":"https:\/\/istlyr-caba.infd.edu.ar\/sitio\/?p=3130"},"modified":"2019-04-29T13:19:43","modified_gmt":"2019-04-29T16:19:43","slug":"la-recreacion-en-mendoza-ningun-susurro-mas-bien-un-grito-manso","status":"publish","type":"post","link":"https:\/\/istlyr-caba.infd.edu.ar\/sitio\/la-recreacion-en-mendoza-ningun-susurro-mas-bien-un-grito-manso\/","title":{"rendered":"La Recreaci\u00f3n en Mendoza: ning\u00fan susurro, \u00a1m\u00e1s bien un Grito Manso!"},"content":{"rendered":"<p><strong>Entre el 18 y el 20 de abril, el ISTLyR particip\u00f3 del Encuentro Nacional de Recreaci\u00f3n, Tiempo Libre y Ocio, de car\u00e1cter autogestivo. Estuvo a cargo de la Asociaci\u00f3n Civil Grito Manso y tuvo como eje central la deconstrucci\u00f3n de praxis recreativas desde una mirada cr\u00edtica.<\/strong><\/p>\n<p><img decoding=\"async\" loading=\"lazy\" class=\"alignnone wp-image-3135 size-full\" src=\"https:\/\/istlyr-caba.infd.edu.ar\/sitio\/wp-content\/uploads\/2019\/04\/unnamed-e1556554467215.jpg\" alt=\"\" width=\"350\" height=\"250\" \/> \u00a0<img decoding=\"async\" loading=\"lazy\" class=\"alignnone wp-image-3138 size-full\" src=\"https:\/\/istlyr-caba.infd.edu.ar\/sitio\/wp-content\/uploads\/2019\/04\/unnamed3-e1556554380342.jpg\" alt=\"\" width=\"350\" height=\"250\" \/><\/p>\n<p>Con el fin de generar el intercambio de saberes y experiencias desde esta cuestionadora perspectiva <em>grito mansera<\/em>, fueron facilitados espacios de capacitaci\u00f3n para educadorxs de diferentes carreras afines a la Recreaci\u00f3n.<\/p>\n<p>El juego inicial del Encuentro fue coordinado por el equipo de las Jornadas de Recreaci\u00f3n de Buenos Aires. En la mesa de apertura se hicieron presentes graduadxs y autoridades del Instituto y hubo varixs docentes y estudiantes que coordinaron talleres y charlas durante el Encuentro, en un intercambio genuino y amorosamente compartido con 150 colegas de todo el pa\u00eds.<\/p>\n<p><img decoding=\"async\" loading=\"lazy\" class=\"alignnone wp-image-3139 size-full\" src=\"https:\/\/istlyr-caba.infd.edu.ar\/sitio\/wp-content\/uploads\/2019\/04\/unnamed4-e1556554684181.jpg\" alt=\"\" width=\"456\" height=\"139\" \/><\/p>\n<p><img decoding=\"async\" loading=\"lazy\" class=\"wp-image-3137 alignleft\" src=\"https:\/\/istlyr-caba.infd.edu.ar\/sitio\/wp-content\/uploads\/2019\/04\/unnamed2.jpg\" alt=\"\" width=\"350\" height=\"183\" \/><\/p>\n<p>El espacio que posibilit\u00f3 Grito Manso de Mendoza tiene mucha importancia y reconocimiento para nuestro campo y tenemos el deseo profundo de que vuelvan a repetirse estos encuentros.<br \/>\n\u00a1Feliz Semana Mansa! \u00a1Muchas gracias!<\/p>\n<p><strong>Profesor Gabriel Garz\u00f3n &#8211; Regente ISTLyR<\/strong><\/p>\n","protected":false},"excerpt":{"rendered":"<p>Entre el 18 y el 20 de abril, el ISTLyR particip\u00f3 del Encuentro Nacional de Recreaci\u00f3n, Tiempo Libre y Ocio, de car\u00e1cter autogestivo. Estuvo a cargo de la Asociaci\u00f3n Civil Grito Manso y tuvo como eje central la deconstrucci\u00f3n de praxis recreativas desde una mirada cr\u00edtica. \u00a0 Con el fin de generar el intercambio de &#8230; <a title=\"La Recreaci\u00f3n en Mendoza: ning\u00fan susurro, \u00a1m\u00e1s bien un Grito Manso!\" class=\"read-more\" href=\"https:\/\/istlyr-caba.infd.edu.ar\/sitio\/la-recreacion-en-mendoza-ningun-susurro-mas-bien-un-grito-manso\/\" aria-label=\"More on La Recreaci\u00f3n en Mendoza: ning\u00fan susurro, \u00a1m\u00e1s bien un Grito Manso!\">[+]<\/a><\/p>\n","protected":false},"author":766,"featured_media":0,"comment_status":"open","ping_status":"open","sticky":false,"template":"","format":"standard","meta":[],"categories":[9],"tags":[],"acf":[],"_links":{"self":[{"href":"https:\/\/istlyr-caba.infd.edu.ar\/sitio\/wp-json\/wp\/v2\/posts\/3130"}],"collection":[{"href":"https:\/\/istlyr-caba.infd.edu.ar\/sitio\/wp-json\/wp\/v2\/posts"}],"about":[{"href":"https:\/\/istlyr-caba.infd.edu.ar\/sitio\/wp-json\/wp\/v2\/types\/post"}],"author":[{"embeddable":true,"href":"https:\/\/istlyr-caba.infd.edu.ar\/sitio\/wp-json\/wp\/v2\/users\/766"}],"replies":[{"embeddable":true,"href":"https:\/\/istlyr-caba.infd.edu.ar\/sitio\/wp-json\/wp\/v2\/comments?post=3130"}],"version-history":[{"count":5,"href":"https:\/\/istlyr-caba.infd.edu.ar\/sitio\/wp-json\/wp\/v2\/posts\/3130\/revisions"}],"predecessor-version":[{"id":3140,"href":"https:\/\/istlyr-caba.infd.edu.ar\/sitio\/wp-json\/wp\/v2\/posts\/3130\/revisions\/3140"}],"wp:attachment":[{"href":"https:\/\/istlyr-caba.infd.edu.ar\/sitio\/wp-json\/wp\/v2\/media?parent=3130"}],"wp:term":[{"taxonomy":"category","embeddable":true,"href":"https:\/\/istlyr-caba.infd.edu.ar\/sitio\/wp-json\/wp\/v2\/categories?post=3130"},{"taxonomy":"post_tag","embeddable":true,"href":"https:\/\/istlyr-caba.infd.edu.ar\/sitio\/wp-json\/wp\/v2\/tags?post=3130"}],"curies":[{"name":"wp","href":"https:\/\/api.w.org\/{rel}","templated":true}]}}