{"id":3080,"date":"2019-04-25T18:27:20","date_gmt":"2019-04-25T21:27:20","guid":{"rendered":"https:\/\/istlyr-caba.infd.edu.ar\/sitio\/?p=3080"},"modified":"2019-04-26T13:54:35","modified_gmt":"2019-04-26T16:54:35","slug":"practicas-especiales-pasantias-educativas-2019","status":"publish","type":"post","link":"https:\/\/istlyr-caba.infd.edu.ar\/sitio\/practicas-especiales-pasantias-educativas-2019\/","title":{"rendered":"Pr\u00e1cticas Especiales\/Pasant\u00edas Educativas 2019"},"content":{"rendered":"<p><img decoding=\"async\" loading=\"lazy\" class=\" wp-image-3118 alignleft\" src=\"https:\/\/istlyr-caba.infd.edu.ar\/sitio\/wp-content\/uploads\/2019\/04\/pra3.jpg\" alt=\"\" width=\"438\" height=\"534\" \/>Durante el mes de abril, el \u00c1rea de Pr\u00e1cticas Especiales abri\u00f3 convocatoria a 27 pasant\u00edas educativas dirigidas a estudiantes de las tres carreras, a trav\u00e9s de Programa Aprender Trabajando. El espectro de espacios en los que lxs estudiantes llevar\u00e1n a cabo sus experiencias de formaci\u00f3n pre profesional comprende a medios populares, organizaciones no gubernamentales y un diverso grupo de programas socioeducativos. Cabe destacar que este a\u00f1o se han recuperado como espacios de pasant\u00eda Puerto Pibes, con el que el ISTLyR ha mantenido un fuerte v\u00ednculo hist\u00f3rico, y la Secretar\u00eda de Ni\u00f1ez.<\/p>\n<p><img decoding=\"async\" loading=\"lazy\" class=\"alignnone wp-image-3116\" src=\"https:\/\/istlyr-caba.infd.edu.ar\/sitio\/wp-content\/uploads\/2019\/04\/pra1.jpg\" alt=\"\" width=\"438\" height=\"327\" \/><br \/>\n<img decoding=\"async\" loading=\"lazy\" class=\"alignnone wp-image-3117\" src=\"https:\/\/istlyr-caba.infd.edu.ar\/sitio\/wp-content\/uploads\/2019\/04\/pra2.jpg\" alt=\"\" width=\"438\" height=\"326\" \/><\/p>\n<p><strong>Profesor Ramiro Coehlo<\/strong><\/p>\n","protected":false},"excerpt":{"rendered":"<p>Durante el mes de abril, el \u00c1rea de Pr\u00e1cticas Especiales abri\u00f3 convocatoria a 27 pasant\u00edas educativas dirigidas a estudiantes de las tres carreras, a trav\u00e9s de Programa Aprender Trabajando. El espectro de espacios en los que lxs estudiantes llevar\u00e1n a cabo sus experiencias de formaci\u00f3n pre profesional comprende a medios populares, organizaciones no gubernamentales y &#8230; <a title=\"Pr\u00e1cticas Especiales\/Pasant\u00edas Educativas 2019\" class=\"read-more\" href=\"https:\/\/istlyr-caba.infd.edu.ar\/sitio\/practicas-especiales-pasantias-educativas-2019\/\" aria-label=\"More on Pr\u00e1cticas Especiales\/Pasant\u00edas Educativas 2019\">[+]<\/a><\/p>\n","protected":false},"author":766,"featured_media":0,"comment_status":"open","ping_status":"open","sticky":false,"template":"","format":"standard","meta":[],"categories":[7],"tags":[],"acf":[],"_links":{"self":[{"href":"https:\/\/istlyr-caba.infd.edu.ar\/sitio\/wp-json\/wp\/v2\/posts\/3080"}],"collection":[{"href":"https:\/\/istlyr-caba.infd.edu.ar\/sitio\/wp-json\/wp\/v2\/posts"}],"about":[{"href":"https:\/\/istlyr-caba.infd.edu.ar\/sitio\/wp-json\/wp\/v2\/types\/post"}],"author":[{"embeddable":true,"href":"https:\/\/istlyr-caba.infd.edu.ar\/sitio\/wp-json\/wp\/v2\/users\/766"}],"replies":[{"embeddable":true,"href":"https:\/\/istlyr-caba.infd.edu.ar\/sitio\/wp-json\/wp\/v2\/comments?post=3080"}],"version-history":[{"count":5,"href":"https:\/\/istlyr-caba.infd.edu.ar\/sitio\/wp-json\/wp\/v2\/posts\/3080\/revisions"}],"predecessor-version":[{"id":3122,"href":"https:\/\/istlyr-caba.infd.edu.ar\/sitio\/wp-json\/wp\/v2\/posts\/3080\/revisions\/3122"}],"wp:attachment":[{"href":"https:\/\/istlyr-caba.infd.edu.ar\/sitio\/wp-json\/wp\/v2\/media?parent=3080"}],"wp:term":[{"taxonomy":"category","embeddable":true,"href":"https:\/\/istlyr-caba.infd.edu.ar\/sitio\/wp-json\/wp\/v2\/categories?post=3080"},{"taxonomy":"post_tag","embeddable":true,"href":"https:\/\/istlyr-caba.infd.edu.ar\/sitio\/wp-json\/wp\/v2\/tags?post=3080"}],"curies":[{"name":"wp","href":"https:\/\/api.w.org\/{rel}","templated":true}]}}