{"id":3078,"date":"2019-04-25T18:25:29","date_gmt":"2019-04-25T21:25:29","guid":{"rendered":"https:\/\/istlyr-caba.infd.edu.ar\/sitio\/?p=3078"},"modified":"2019-04-28T14:05:36","modified_gmt":"2019-04-28T17:05:36","slug":"primera-reunion-del-equipo-institucional-para-el-abordaje-de-situaciones-de-discriminacion-y-o-violencia-de-generos","status":"publish","type":"post","link":"https:\/\/istlyr-caba.infd.edu.ar\/sitio\/primera-reunion-del-equipo-institucional-para-el-abordaje-de-situaciones-de-discriminacion-y-o-violencia-de-generos\/","title":{"rendered":"Primera reuni\u00f3n del Equipo institucional para el abordaje de situaciones de discriminaci\u00f3n y\/o violencia de g\u00e9neros"},"content":{"rendered":"<p><strong>El equipo formado por Brenda Bottini (claustro de egresadxs), Lis Zlatar (claustro estudiantil), Julieta Nebra (claustro docente), Graciela Resala (tutora), Silvana Vilches (coordinadora del \u00c1rea de Bienestar Estudiantil) y Mariano Molina (Rector, por el equipo de conducci\u00f3n) tuvo su primera reuni\u00f3n el lunes 8 de abril.<\/strong><\/p>\n<p>Queremos contarles que el flamante <em><strong>Equipo institucional para el abordaje de situaciones de discriminaci\u00f3n y\/o violencia de g\u00e9neros<\/strong><\/em> aprobado por el Consejo Directivo en reuni\u00f3n del 11\/12\/2018, y conformado por Brenda Bottini (claustro de egresadxs), Lis Zlatar (claustro estudiantil), Julieta Nebra (claustro docente), Graciela Resala (tutora), Silvana Vilches (coordinadora del \u00c1rea de Bienestar Estudiantil) y Mariano Molina (Rector, por el equipo de conducci\u00f3n) tuvo su primera reuni\u00f3n el lunes 8 de abril.<\/p>\n<p>A partir de la fecha, todas las situaciones posibles de ser comprendidas en la categor\u00eda de \u201cdiscriminaci\u00f3n o violencia de g\u00e9neros\u201d ser\u00e1n analizadas y resueltas por el Equipo.<\/p>\n<p>Cabe aclarar que un reclamo podr\u00e1 ser RECEPCIONADO por cualquier integrante de la comunidad educativa (estudiante afectada, estudiante compa\u00f1erx de la afectada, docente, personal de conducci\u00f3n, tutora, coordinadxres de \u00e1reas u otrxs) y, a partir de all\u00ed, se dar\u00e1 intervenci\u00f3n al Equipo.<\/p>\n<p>Todas las acciones del Equipo institucional, se enmarcar\u00e1n en lo dispuesto por las normativas vigentes, a saber:<\/p>\n<p>1. &#8211;<em>\u00abProtocolo de Acci\u00f3n institucional en las escuelas secundarias y establecimientos terciarios para la prevenci\u00f3n e intervenci\u00f3n ante situaciones de violencia de g\u00e9nero y discriminaci\u00f3n basada en la orientaci\u00f3n sexual e identidad de g\u00e9nero o su expresi\u00f3n\u201d<\/em> &#8211; CGBA<br \/>\n2. &#8211;<em>Estatuto Docente.<\/em> CAPITULO XVIII, DE LA DISCIPLINA y la Actualizaci\u00f3n N\u00ba 3 Ordenanza 47.506 B.M. 19.706 17-01-1994 (Dice Art. 9 Incorp\u00f3rese al acoso sexual como causa de sanci\u00f3n o cesant\u00eda en los cap\u00edtulos relativos al r\u00e9gimen disciplinario incluidos en los diferentes estatutos del personal de la Municipalidad de la Ciudad de Buenos Aires y organismos descentralizados).<br \/>\n3. &#8211;<em>Leyes<\/em> 26.485, 26.743 y 27.234.<\/p>\n<p>Les contamos tambi\u00e9n que, durante el mes de mayo (fecha a confirmar), realizaremos una Jornada institucional en la que presentaremos el Protocolo y las dem\u00e1s normativas; y dialogaremos en torno a discriminaci\u00f3n y violencias de g\u00e9neros en el \u00e1mbito educativo.<\/p>\n<p>Celebramos que nuestra instituci\u00f3n haya logrado conformar este Equipo, al mismo tiempo que esperamos contar con el compromiso de todxs para que, en cada espacio, logremos construir pr\u00e1cticas educativas y relaciones sociales sin violencias de g\u00e9neros.<\/p>\n<p><strong>Equipo institucional para el abordaje de situaciones de discriminaci\u00f3n<\/strong><br \/>\n<strong>y\/o violencia de g\u00e9neros<\/strong><br \/>\n<strong>Contacto:<\/strong> <a href=\"mailto:istlyraplicaprotocolo@gmail.com\">istlyraplicaprotocolo@gmail.com<\/a><\/p>\n","protected":false},"excerpt":{"rendered":"<p>El equipo formado por Brenda Bottini (claustro de egresadxs), Lis Zlatar (claustro estudiantil), Julieta Nebra (claustro docente), Graciela Resala (tutora), Silvana Vilches (coordinadora del \u00c1rea de Bienestar Estudiantil) y Mariano Molina (Rector, por el equipo de conducci\u00f3n) tuvo su primera reuni\u00f3n el lunes 8 de abril. Queremos contarles que el flamante Equipo institucional para el &#8230; <a title=\"Primera reuni\u00f3n del Equipo institucional para el abordaje de situaciones de discriminaci\u00f3n y\/o violencia de g\u00e9neros\" class=\"read-more\" href=\"https:\/\/istlyr-caba.infd.edu.ar\/sitio\/primera-reunion-del-equipo-institucional-para-el-abordaje-de-situaciones-de-discriminacion-y-o-violencia-de-generos\/\" aria-label=\"More on Primera reuni\u00f3n del Equipo institucional para el abordaje de situaciones de discriminaci\u00f3n y\/o violencia de g\u00e9neros\">[+]<\/a><\/p>\n","protected":false},"author":766,"featured_media":0,"comment_status":"open","ping_status":"open","sticky":false,"template":"","format":"standard","meta":[],"categories":[7],"tags":[],"acf":[],"_links":{"self":[{"href":"https:\/\/istlyr-caba.infd.edu.ar\/sitio\/wp-json\/wp\/v2\/posts\/3078"}],"collection":[{"href":"https:\/\/istlyr-caba.infd.edu.ar\/sitio\/wp-json\/wp\/v2\/posts"}],"about":[{"href":"https:\/\/istlyr-caba.infd.edu.ar\/sitio\/wp-json\/wp\/v2\/types\/post"}],"author":[{"embeddable":true,"href":"https:\/\/istlyr-caba.infd.edu.ar\/sitio\/wp-json\/wp\/v2\/users\/766"}],"replies":[{"embeddable":true,"href":"https:\/\/istlyr-caba.infd.edu.ar\/sitio\/wp-json\/wp\/v2\/comments?post=3078"}],"version-history":[{"count":3,"href":"https:\/\/istlyr-caba.infd.edu.ar\/sitio\/wp-json\/wp\/v2\/posts\/3078\/revisions"}],"predecessor-version":[{"id":3129,"href":"https:\/\/istlyr-caba.infd.edu.ar\/sitio\/wp-json\/wp\/v2\/posts\/3078\/revisions\/3129"}],"wp:attachment":[{"href":"https:\/\/istlyr-caba.infd.edu.ar\/sitio\/wp-json\/wp\/v2\/media?parent=3078"}],"wp:term":[{"taxonomy":"category","embeddable":true,"href":"https:\/\/istlyr-caba.infd.edu.ar\/sitio\/wp-json\/wp\/v2\/categories?post=3078"},{"taxonomy":"post_tag","embeddable":true,"href":"https:\/\/istlyr-caba.infd.edu.ar\/sitio\/wp-json\/wp\/v2\/tags?post=3078"}],"curies":[{"name":"wp","href":"https:\/\/api.w.org\/{rel}","templated":true}]}}