{"id":3076,"date":"2019-04-25T18:21:56","date_gmt":"2019-04-25T21:21:56","guid":{"rendered":"https:\/\/istlyr-caba.infd.edu.ar\/sitio\/?p=3076"},"modified":"2019-04-28T14:04:26","modified_gmt":"2019-04-28T17:04:26","slug":"nuevos-materiales-en-la-biblioteca-del-istlyr","status":"publish","type":"post","link":"https:\/\/istlyr-caba.infd.edu.ar\/sitio\/nuevos-materiales-en-la-biblioteca-del-istlyr\/","title":{"rendered":"Nuevos materiales en la biblioteca del ISTLyR"},"content":{"rendered":"<p><strong>Incorporamos a la biblioteca la serie de cuadernillos: \u201cAtenci\u00f3n integral de la primera infancia. Saberes y pr\u00e1cticas\u201d<\/strong><\/p>\n<p><img decoding=\"async\" loading=\"lazy\" class=\"alignnone size-full wp-image-3112\" src=\"https:\/\/istlyr-caba.infd.edu.ar\/sitio\/wp-content\/uploads\/2019\/04\/nota-deboraIMG-20190422-WA0014.jpg\" alt=\"\" width=\"1280\" height=\"720\" srcset=\"https:\/\/istlyr-caba.infd.edu.ar\/sitio\/wp-content\/uploads\/2019\/04\/nota-deboraIMG-20190422-WA0014.jpg 1280w, https:\/\/istlyr-caba.infd.edu.ar\/sitio\/wp-content\/uploads\/2019\/04\/nota-deboraIMG-20190422-WA0014-1000x563.jpg 1000w, https:\/\/istlyr-caba.infd.edu.ar\/sitio\/wp-content\/uploads\/2019\/04\/nota-deboraIMG-20190422-WA0014-768x432.jpg 768w\" sizes=\"(max-width: 1280px) 100vw, 1280px\" \/><\/p>\n<p>Durante el a\u00f1o 2015, la Universidad Nacional de General Sarmiento (UNGS), con el apoyo de la Secretar\u00eda Nacional de Ni\u00f1ez, Adolescencia y Familia del Ministerio de Desarrollo Social, llev\u00f3 a cabo un trayecto de formaci\u00f3n y capacitaci\u00f3n destinado a quienes se desempe\u00f1an en actividades de cuidado y educaci\u00f3n de la primera infancia en los Centros de Desarrollo Infantil que funcionan en organizaciones comunitarias y centros de integraci\u00f3n comunitarios municipales o provinciales (Provincia de Buenos Aires, localidades cercanas a la UNGS).<\/p>\n<p>Estos cuadernillos dan cuenta en buena medida del recorrido realizado y buscan promover nuevos intercambios y lecturas; para ello se recogen temas, propuestas, aportes te\u00f3ricos, experiencias e intercambios que circularon entre agentes comunitarixs, madres cuidadoras, docentes de nivel inicial, profesores y especialistas en diferentes tem\u00e1ticas que han participado de los encuentros.<\/p>\n<p>Los cinco t\u00edtulos \/ ejes y lxs responsables de cada cuadernillo son:<\/p>\n<p>1: Infancias, derechos y responsabilidad adulta. Puntos de partida (Debora Kantor).<br \/>\n2: Identidades (Mar\u00eda Carolina Zapiola).<br \/>\n3: Pol\u00edticas (Javier Moro).<br \/>\n4: Instituciones (Debora Kantor).<br \/>\n5: Pr\u00e1cticas (Alejandra Sokolowicz y Debora Kantor).<\/p>\n<p>Todos los n\u00fameros se organizan en las siguientes secciones: Aportes te\u00f3ricos para pensar y debatir; Compartir Dialogar Intercambiar (testimonios y experiencias); Di\u00e1logos con la literatura y las canciones; Di\u00e1logos con el cine; Bibliograf\u00eda de consulta.<\/p>\n<p>El material que se presenta en estas publicaciones, tanto como el modo en que se lo hace, puede resultar \u00fatil para aquellxs docentes, estudiantes y graduadxs del ISTLyR concernidxs de alguna manera por las tem\u00e1ticas y las formas de trabajo que se despliegan. En ellas podr\u00e1n encontrar elementos para analizar o elaborar propuestas vinculadas con la infancia, la capacitaci\u00f3n de educadorxs, el trabajo comunitario&#8230; Podr\u00e1n reencontrar o descubrir autores y perspectivas te\u00f3ricas, temas y problemas de diferente \u00edndole que nos interpelan; y conocer inquietudes, miradas y saberes construidos por las educadoras en las pr\u00e1cticas cotidianas de cuidado y educaci\u00f3n.<br \/>\nInvitadxs a indagarlos, lxs que quieran y puedan.<\/p>\n<p>\u00a1Ojal\u00e1 les \/ nos sirvan!<\/p>\n<p><strong>Profesora Debora Kantor<\/strong><\/p>\n","protected":false},"excerpt":{"rendered":"<p>Incorporamos a la biblioteca la serie de cuadernillos: \u201cAtenci\u00f3n integral de la primera infancia. Saberes y pr\u00e1cticas\u201d Durante el a\u00f1o 2015, la Universidad Nacional de General Sarmiento (UNGS), con el apoyo de la Secretar\u00eda Nacional de Ni\u00f1ez, Adolescencia y Familia del Ministerio de Desarrollo Social, llev\u00f3 a cabo un trayecto de formaci\u00f3n y capacitaci\u00f3n destinado &#8230; <a title=\"Nuevos materiales en la biblioteca del ISTLyR\" class=\"read-more\" href=\"https:\/\/istlyr-caba.infd.edu.ar\/sitio\/nuevos-materiales-en-la-biblioteca-del-istlyr\/\" aria-label=\"More on Nuevos materiales en la biblioteca del ISTLyR\">[+]<\/a><\/p>\n","protected":false},"author":766,"featured_media":0,"comment_status":"open","ping_status":"open","sticky":false,"template":"","format":"standard","meta":[],"categories":[9],"tags":[],"acf":[],"_links":{"self":[{"href":"https:\/\/istlyr-caba.infd.edu.ar\/sitio\/wp-json\/wp\/v2\/posts\/3076"}],"collection":[{"href":"https:\/\/istlyr-caba.infd.edu.ar\/sitio\/wp-json\/wp\/v2\/posts"}],"about":[{"href":"https:\/\/istlyr-caba.infd.edu.ar\/sitio\/wp-json\/wp\/v2\/types\/post"}],"author":[{"embeddable":true,"href":"https:\/\/istlyr-caba.infd.edu.ar\/sitio\/wp-json\/wp\/v2\/users\/766"}],"replies":[{"embeddable":true,"href":"https:\/\/istlyr-caba.infd.edu.ar\/sitio\/wp-json\/wp\/v2\/comments?post=3076"}],"version-history":[{"count":5,"href":"https:\/\/istlyr-caba.infd.edu.ar\/sitio\/wp-json\/wp\/v2\/posts\/3076\/revisions"}],"predecessor-version":[{"id":3128,"href":"https:\/\/istlyr-caba.infd.edu.ar\/sitio\/wp-json\/wp\/v2\/posts\/3076\/revisions\/3128"}],"wp:attachment":[{"href":"https:\/\/istlyr-caba.infd.edu.ar\/sitio\/wp-json\/wp\/v2\/media?parent=3076"}],"wp:term":[{"taxonomy":"category","embeddable":true,"href":"https:\/\/istlyr-caba.infd.edu.ar\/sitio\/wp-json\/wp\/v2\/categories?post=3076"},{"taxonomy":"post_tag","embeddable":true,"href":"https:\/\/istlyr-caba.infd.edu.ar\/sitio\/wp-json\/wp\/v2\/tags?post=3076"}],"curies":[{"name":"wp","href":"https:\/\/api.w.org\/{rel}","templated":true}]}}