{"id":3072,"date":"2019-04-25T18:14:38","date_gmt":"2019-04-25T21:14:38","guid":{"rendered":"https:\/\/istlyr-caba.infd.edu.ar\/sitio\/?p=3072"},"modified":"2019-04-26T13:28:02","modified_gmt":"2019-04-26T16:28:02","slug":"el-istlyr-en-el-iiio-encuentro-internacional-de-pedagogia-social-y-educacion-social","status":"publish","type":"post","link":"https:\/\/istlyr-caba.infd.edu.ar\/sitio\/el-istlyr-en-el-iiio-encuentro-internacional-de-pedagogia-social-y-educacion-social\/","title":{"rendered":"El ISTLyR en el III\u00ba Encuentro Internacional de Pedagog\u00eda Social y Educaci\u00f3n Social"},"content":{"rendered":"<p><img decoding=\"async\" loading=\"lazy\" class=\"alignnone size-full wp-image-3107\" src=\"https:\/\/istlyr-caba.infd.edu.ar\/sitio\/wp-content\/uploads\/2019\/04\/7efad893-761e-4c09-a78a-90738654d645.jpg\" alt=\"\" width=\"1280\" height=\"720\" srcset=\"https:\/\/istlyr-caba.infd.edu.ar\/sitio\/wp-content\/uploads\/2019\/04\/7efad893-761e-4c09-a78a-90738654d645.jpg 1280w, https:\/\/istlyr-caba.infd.edu.ar\/sitio\/wp-content\/uploads\/2019\/04\/7efad893-761e-4c09-a78a-90738654d645-1000x563.jpg 1000w, https:\/\/istlyr-caba.infd.edu.ar\/sitio\/wp-content\/uploads\/2019\/04\/7efad893-761e-4c09-a78a-90738654d645-768x432.jpg 768w\" sizes=\"(max-width: 1280px) 100vw, 1280px\" \/><\/p>\n<p>Se realiz\u00f3 el 14 y 15 de marzo en la ciudad de Mendoza, organizado por la Facultad de Educaci\u00f3n de la Universidad Nacional de Cuyo y co-organizado por la Universidad de la Rep\u00fablica (Uruguay) y la Universidad Estadual de Maring\u00e1 (Brasil), en el marco de la Red de Investigadores en Pedagog\u00eda Social. Asistieron m\u00e1s de 30 docentes, estudiantes, ayudantes, adscriptxs y graduadxs de la Carrera de Pedagog\u00eda y Educaci\u00f3n Social (PyES) del Instituto, participando con 13 ponencias que abordaron y problematizaron sentidos, referencias te\u00f3ricas y desaf\u00edos vinculados con los recorridos formativos en el \u00e1mbito de la Carrera y con el propio campo de la PyES.<\/p>\n<p><img decoding=\"async\" loading=\"lazy\" class=\"alignnone wp-image-3108 \" src=\"https:\/\/istlyr-caba.infd.edu.ar\/sitio\/wp-content\/uploads\/2019\/04\/679b7587-ec48-46cb-95a9-1f5b8422c74f-e1556295930720.jpg\" alt=\"\" width=\"350\" height=\"266\" srcset=\"https:\/\/istlyr-caba.infd.edu.ar\/sitio\/wp-content\/uploads\/2019\/04\/679b7587-ec48-46cb-95a9-1f5b8422c74f-e1556295930720.jpg 904w, https:\/\/istlyr-caba.infd.edu.ar\/sitio\/wp-content\/uploads\/2019\/04\/679b7587-ec48-46cb-95a9-1f5b8422c74f-e1556295930720-768x584.jpg 768w\" sizes=\"(max-width: 350px) 100vw, 350px\" \/>\u00a0<img decoding=\"async\" loading=\"lazy\" class=\"alignnone wp-image-3106\" src=\"https:\/\/istlyr-caba.infd.edu.ar\/sitio\/wp-content\/uploads\/2019\/04\/1ade410a-d2cd-42f3-9b99-bc2fd304323c-e1556295884402.jpg\" alt=\"\" width=\"332\" height=\"265\" \/><\/p>\n<p>En ese marco, existi\u00f3 la oportunidad de intercambiar perspectivas y de hacer visible nuestra propuesta de trabajo con colegas de Mendoza, Santa Fe, Catamarca, C\u00f3rdoba, Chubut y Buenos Aires, y de Brasil, Uruguay, M\u00e9xico y Chile. Pero, adem\u00e1s, la convivencia de quienes viajaron desde el ISLyR durante esos dos d\u00edas produjo una experiencia compartida en torno a los debates e interrogantes que atraviesan las pr\u00e1cticas y la formaci\u00f3n en PyES particularmente intensa y fortalecedora de los v\u00ednculos y del proyecto acad\u00e9mico institucional. Previo al encuentro, se organiz\u00f3 una intancia preparatoria con lxs estudiantes que expon\u00edan sus trabajos acad\u00e9micos por primera vez. En los pr\u00f3ximos d\u00edas, quienes participaron se estar\u00e1n convocando para compartir sus trabajos y dar continuidad a la experiencia.<\/p>\n","protected":false},"excerpt":{"rendered":"<p>Se realiz\u00f3 el 14 y 15 de marzo en la ciudad de Mendoza, organizado por la Facultad de Educaci\u00f3n de la Universidad Nacional de Cuyo y co-organizado por la Universidad de la Rep\u00fablica (Uruguay) y la Universidad Estadual de Maring\u00e1 (Brasil), en el marco de la Red de Investigadores en Pedagog\u00eda Social. Asistieron m\u00e1s de &#8230; <a title=\"El ISTLyR en el III\u00ba Encuentro Internacional de Pedagog\u00eda Social y Educaci\u00f3n Social\" class=\"read-more\" href=\"https:\/\/istlyr-caba.infd.edu.ar\/sitio\/el-istlyr-en-el-iiio-encuentro-internacional-de-pedagogia-social-y-educacion-social\/\" aria-label=\"More on El ISTLyR en el III\u00ba Encuentro Internacional de Pedagog\u00eda Social y Educaci\u00f3n Social\">[+]<\/a><\/p>\n","protected":false},"author":766,"featured_media":0,"comment_status":"open","ping_status":"open","sticky":false,"template":"","format":"standard","meta":[],"categories":[9],"tags":[],"acf":[],"_links":{"self":[{"href":"https:\/\/istlyr-caba.infd.edu.ar\/sitio\/wp-json\/wp\/v2\/posts\/3072"}],"collection":[{"href":"https:\/\/istlyr-caba.infd.edu.ar\/sitio\/wp-json\/wp\/v2\/posts"}],"about":[{"href":"https:\/\/istlyr-caba.infd.edu.ar\/sitio\/wp-json\/wp\/v2\/types\/post"}],"author":[{"embeddable":true,"href":"https:\/\/istlyr-caba.infd.edu.ar\/sitio\/wp-json\/wp\/v2\/users\/766"}],"replies":[{"embeddable":true,"href":"https:\/\/istlyr-caba.infd.edu.ar\/sitio\/wp-json\/wp\/v2\/comments?post=3072"}],"version-history":[{"count":3,"href":"https:\/\/istlyr-caba.infd.edu.ar\/sitio\/wp-json\/wp\/v2\/posts\/3072\/revisions"}],"predecessor-version":[{"id":3110,"href":"https:\/\/istlyr-caba.infd.edu.ar\/sitio\/wp-json\/wp\/v2\/posts\/3072\/revisions\/3110"}],"wp:attachment":[{"href":"https:\/\/istlyr-caba.infd.edu.ar\/sitio\/wp-json\/wp\/v2\/media?parent=3072"}],"wp:term":[{"taxonomy":"category","embeddable":true,"href":"https:\/\/istlyr-caba.infd.edu.ar\/sitio\/wp-json\/wp\/v2\/categories?post=3072"},{"taxonomy":"post_tag","embeddable":true,"href":"https:\/\/istlyr-caba.infd.edu.ar\/sitio\/wp-json\/wp\/v2\/tags?post=3072"}],"curies":[{"name":"wp","href":"https:\/\/api.w.org\/{rel}","templated":true}]}}