{"id":1367,"date":"2018-06-26T00:00:00","date_gmt":"2018-06-26T03:00:00","guid":{"rendered":"https:\/\/istlyr-caba.infd.edu.ar\/sitio\/saberes-en-movimiento\/"},"modified":"2018-08-08T15:21:45","modified_gmt":"2018-08-08T18:21:45","slug":"saberes-en-movimiento","status":"publish","type":"post","link":"https:\/\/istlyr-caba.infd.edu.ar\/sitio\/saberes-en-movimiento\/","title":{"rendered":"Saberes en Movimiento"},"content":{"rendered":"<h3><\/h3>\n<p><strong>\u00bfQui\u00e9nes somos?<\/strong><\/p>\n<p>Somos estudiantes autoconvocades del ISTLyR. Nos nuclea la necesidad y el inter\u00e9s de fortalecer la articulaci\u00f3n de las diferentes tecnicaturas que alberga el Instituto tanto en lo vincular como en lo te\u00f3rico. Nos organizamos para realizar una jornada de intercambio de saberes, experiencias, perspectivas y reflexiones.<\/p>\n<p>&nbsp;<\/p>\n<p><strong>\u00bfQu\u00e9 nos proponemos?<\/strong><\/p>\n<p>\u2022 Conocer, profundizar y articular las herramientas y aprendizajes de las diferentes carreras del ISTLyR.<br \/>\n\u2022 Vincularnos entre estudiantes del ISTLyR, construyendo puentes entre las diversas disciplinas.<br \/>\n\u2022 Tejer redes de comunicaci\u00f3n y acci\u00f3n entre compa\u00f1eres.<br \/>\n\u2022 Disponer un tiempo y espacio para que les estudiantes de cada carrera se expresen y compartan su impronta y aprendizajes.<br \/>\n\u2022 Poner en pr\u00e1ctica nuestros aprendizajes, complementando nuestra formaci\u00f3n de la cursada.<br \/>\n\u2022 Reivindicar las identidades de las diferentes carreras del ISTLyR.<br \/>\n\u2022 Repensar y resignificar la identidad del Instituto.<br \/>\n\u2022 Generar reflexiones y acciones sobre nuestro contexto social, pol\u00edtico y cultural.<\/p>\n<p>&nbsp;<\/p>\n<p><strong>\u00bfPor qu\u00e9?<\/strong><\/p>\n<p>Porque creemos que las identidades se construyen en el continuo encuentro con las diferencias. Porque entendemos que nuestros campos profesionales a\u00fan est\u00e1n en crecimiento y sabemos que la interacci\u00f3n puede aportar a este crecimiento grandes cosas. Porque entendemos que en este contexto pol\u00edtico y social las redes vinculares y la uni\u00f3n estudiantil son m\u00e1s que necesarias. Porque queremos conocernos todav\u00eda un poco m\u00e1s entre compa\u00f1eres, y porque nos sentimos sujetos hist\u00f3ricos con autonom\u00eda sobre nuestra propia formaci\u00f3n y la identidad de nuestro Instituto.<\/p>\n<p>&nbsp;<\/p>\n<p><strong>Ven\u00ed, sumate, conoc\u00e9 m\u00e1s<\/strong><\/p>\n<p><a href=\"https:\/\/www.facebook.com\/Saberes-en-Movimiento-592857894414218\/\" target=\"_blank\" rel=\"noopener\">FB: Saberes en movimiento <\/a><\/p>\n","protected":false},"excerpt":{"rendered":"<p>\u00bfQui\u00e9nes somos? Somos estudiantes autoconvocades del ISTLyR. Nos nuclea la necesidad y el inter\u00e9s de fortalecer la articulaci\u00f3n de las diferentes tecnicaturas que alberga el Instituto tanto en lo vincular como en lo te\u00f3rico. Nos organizamos para realizar una jornada de intercambio de saberes, experiencias, perspectivas y reflexiones. &nbsp; \u00bfQu\u00e9 nos proponemos? \u2022 Conocer, profundizar &#8230; <a title=\"Saberes en Movimiento\" class=\"read-more\" href=\"https:\/\/istlyr-caba.infd.edu.ar\/sitio\/saberes-en-movimiento\/\" aria-label=\"More on Saberes en Movimiento\">[+]<\/a><\/p>\n","protected":false},"author":19,"featured_media":0,"comment_status":"closed","ping_status":"closed","sticky":false,"template":"","format":"standard","meta":[],"categories":[9,8],"tags":[],"acf":[],"_links":{"self":[{"href":"https:\/\/istlyr-caba.infd.edu.ar\/sitio\/wp-json\/wp\/v2\/posts\/1367"}],"collection":[{"href":"https:\/\/istlyr-caba.infd.edu.ar\/sitio\/wp-json\/wp\/v2\/posts"}],"about":[{"href":"https:\/\/istlyr-caba.infd.edu.ar\/sitio\/wp-json\/wp\/v2\/types\/post"}],"author":[{"embeddable":true,"href":"https:\/\/istlyr-caba.infd.edu.ar\/sitio\/wp-json\/wp\/v2\/users\/19"}],"replies":[{"embeddable":true,"href":"https:\/\/istlyr-caba.infd.edu.ar\/sitio\/wp-json\/wp\/v2\/comments?post=1367"}],"version-history":[{"count":3,"href":"https:\/\/istlyr-caba.infd.edu.ar\/sitio\/wp-json\/wp\/v2\/posts\/1367\/revisions"}],"predecessor-version":[{"id":1886,"href":"https:\/\/istlyr-caba.infd.edu.ar\/sitio\/wp-json\/wp\/v2\/posts\/1367\/revisions\/1886"}],"wp:attachment":[{"href":"https:\/\/istlyr-caba.infd.edu.ar\/sitio\/wp-json\/wp\/v2\/media?parent=1367"}],"wp:term":[{"taxonomy":"category","embeddable":true,"href":"https:\/\/istlyr-caba.infd.edu.ar\/sitio\/wp-json\/wp\/v2\/categories?post=1367"},{"taxonomy":"post_tag","embeddable":true,"href":"https:\/\/istlyr-caba.infd.edu.ar\/sitio\/wp-json\/wp\/v2\/tags?post=1367"}],"curies":[{"name":"wp","href":"https:\/\/api.w.org\/{rel}","templated":true}]}}