{"id":1335,"date":"2017-11-14T00:00:00","date_gmt":"2017-11-14T03:00:00","guid":{"rendered":"https:\/\/istlyr-caba.infd.edu.ar\/sitio\/10-anos-de-pyes-la-formacion-en-pedagogia-y-educacion-social-desde-el-area-de-las-practicas-profesionales-%c2%96-pedagogia-y-pedagogia-social\/"},"modified":"2018-08-08T15:39:06","modified_gmt":"2018-08-08T18:39:06","slug":"10-anos-de-pyes-la-formacion-en-pedagogia-y-educacion-social-desde-el-area-de-las-practicas-profesionales-%c2%96-pedagogia-y-pedagogia-social","status":"publish","type":"post","link":"https:\/\/istlyr-caba.infd.edu.ar\/sitio\/10-anos-de-pyes-la-formacion-en-pedagogia-y-educacion-social-desde-el-area-de-las-practicas-profesionales-%c2%96-pedagogia-y-pedagogia-social\/","title":{"rendered":"10 a\u00f1os de PyES: La formaci\u00f3n en Pedagog\u00eda y Educaci\u00f3n Social desde el \u00c1rea de las Pr\u00e1cticas Profesionales \u0096 Pedagog\u00eda y Pedagog\u00eda Social"},"content":{"rendered":"<h3><\/h3>\n<p>En el marco de los festejos por los 10 a\u00f1os de la carrera de PyES en el ISTLyR, el 30 de octubre nos reunimos para conversar con docentes y graduadas de la carrera. Contamos con la presencia de Susana Mitre (Coordinadora del \u00c1rea de Transmisi\u00f3n del Sitio de la Memoria \u201cClub El Atl\u00e9tico\u201d), con quien dialogamos acerca de las dimensiones te\u00f3rico-metodol\u00f3gicas y algunas certezas en este campo en construcci\u00f3n.<\/p>\n<p><img decoding=\"async\" loading=\"lazy\" style=\"margin-bottom: 10px; margin-top: 10px;\" src=\"https:\/\/istlyr-caba.infd.edu.ar\/sitio\/wp-content\/uploads\/2018\/07\/A.jpg\" alt=\"\" width=\"745\" height=\"450\" border=\"0\" \/><img decoding=\"async\" loading=\"lazy\" style=\"margin-bottom: 10px; margin-top: 10px;\" src=\"https:\/\/istlyr-caba.infd.edu.ar\/sitio\/wp-content\/uploads\/2018\/07\/B.jpg\" width=\"745\" height=\"451\" border=\"0\" \/><img decoding=\"async\" loading=\"lazy\" style=\"margin-bottom: 10px; margin-top: 10px;\" src=\"https:\/\/istlyr-caba.infd.edu.ar\/sitio\/wp-content\/uploads\/2018\/07\/C.jpg\" width=\"745\" height=\"451\" border=\"0\" \/><br \/>\nLa celebraci\u00f3n de los 10 a\u00f1os de PyES hab\u00eda empezado hac\u00eda varias semanas, con la charla abierta \u201cEnfoques, debates y problemas en relaci\u00f3n con los contextos sociohist\u00f3ricos e institucionales\u201d, en la que contamos con la presencia de Gabriela Diker (Rectora de la Universidad Nacional de General Sarmiento) y Ana Pagano. Esta charla fue cue coordinada por la Profesora Ana Laura Garc\u00eda.<\/p>\n","protected":false},"excerpt":{"rendered":"<p>En el marco de los festejos por los 10 a\u00f1os de la carrera de PyES en el ISTLyR, el 30 de octubre nos reunimos para conversar con docentes y graduadas de la carrera. Contamos con la presencia de Susana Mitre (Coordinadora del \u00c1rea de Transmisi\u00f3n del Sitio de la Memoria \u201cClub El Atl\u00e9tico\u201d), con quien &#8230; <a title=\"10 a\u00f1os de PyES: La formaci\u00f3n en Pedagog\u00eda y Educaci\u00f3n Social desde el \u00c1rea de las Pr\u00e1cticas Profesionales \u0096 Pedagog\u00eda y Pedagog\u00eda Social\" class=\"read-more\" href=\"https:\/\/istlyr-caba.infd.edu.ar\/sitio\/10-anos-de-pyes-la-formacion-en-pedagogia-y-educacion-social-desde-el-area-de-las-practicas-profesionales-%c2%96-pedagogia-y-pedagogia-social\/\" aria-label=\"More on 10 a\u00f1os de PyES: La formaci\u00f3n en Pedagog\u00eda y Educaci\u00f3n Social desde el \u00c1rea de las Pr\u00e1cticas Profesionales \u0096 Pedagog\u00eda y Pedagog\u00eda Social\">[+]<\/a><\/p>\n","protected":false},"author":19,"featured_media":0,"comment_status":"closed","ping_status":"closed","sticky":false,"template":"","format":"standard","meta":[],"categories":[9],"tags":[],"acf":[],"_links":{"self":[{"href":"https:\/\/istlyr-caba.infd.edu.ar\/sitio\/wp-json\/wp\/v2\/posts\/1335"}],"collection":[{"href":"https:\/\/istlyr-caba.infd.edu.ar\/sitio\/wp-json\/wp\/v2\/posts"}],"about":[{"href":"https:\/\/istlyr-caba.infd.edu.ar\/sitio\/wp-json\/wp\/v2\/types\/post"}],"author":[{"embeddable":true,"href":"https:\/\/istlyr-caba.infd.edu.ar\/sitio\/wp-json\/wp\/v2\/users\/19"}],"replies":[{"embeddable":true,"href":"https:\/\/istlyr-caba.infd.edu.ar\/sitio\/wp-json\/wp\/v2\/comments?post=1335"}],"version-history":[{"count":3,"href":"https:\/\/istlyr-caba.infd.edu.ar\/sitio\/wp-json\/wp\/v2\/posts\/1335\/revisions"}],"predecessor-version":[{"id":1926,"href":"https:\/\/istlyr-caba.infd.edu.ar\/sitio\/wp-json\/wp\/v2\/posts\/1335\/revisions\/1926"}],"wp:attachment":[{"href":"https:\/\/istlyr-caba.infd.edu.ar\/sitio\/wp-json\/wp\/v2\/media?parent=1335"}],"wp:term":[{"taxonomy":"category","embeddable":true,"href":"https:\/\/istlyr-caba.infd.edu.ar\/sitio\/wp-json\/wp\/v2\/categories?post=1335"},{"taxonomy":"post_tag","embeddable":true,"href":"https:\/\/istlyr-caba.infd.edu.ar\/sitio\/wp-json\/wp\/v2\/tags?post=1335"}],"curies":[{"name":"wp","href":"https:\/\/api.w.org\/{rel}","templated":true}]}}