{"id":1298,"date":"2017-05-23T00:00:00","date_gmt":"2017-05-23T03:00:00","guid":{"rendered":"https:\/\/istlyr-caba.infd.edu.ar\/sitio\/taller-de-serigrafia-con-colectivo-estampida-y-taller-de-serigrafia-colectiva-y-grafica-abya-yala\/"},"modified":"2018-08-08T16:29:28","modified_gmt":"2018-08-08T19:29:28","slug":"taller-de-serigrafia-con-colectivo-estampida-y-taller-de-serigrafia-colectiva-y-grafica-abya-yala","status":"publish","type":"post","link":"https:\/\/istlyr-caba.infd.edu.ar\/sitio\/taller-de-serigrafia-con-colectivo-estampida-y-taller-de-serigrafia-colectiva-y-grafica-abya-yala\/","title":{"rendered":"Taller de Serigraf\u00eda con Colectivo Estampida y Taller de Serigraf\u00eda Colectiva y Gr\u00e1fica Abya Yala"},"content":{"rendered":"<h3><\/h3>\n<p><strong>El 18 de mayo tuvimos un encuentro intensivo que cont\u00f3 con m\u00e1s de 50 asistentes, en el que nos introdujimos en la disciplina y las posibilidades que ofrece la t\u00e9cnica serigr\u00e1fica y compartimos las producciones de los colectivos que nos acompa\u00f1aron y las diferentes metodolog\u00edas de trabajo que nos propusieron.<\/strong><\/p>\n<p><img decoding=\"async\" loading=\"lazy\" src=\"https:\/\/istlyr-caba.infd.edu.ar\/sitio\/wp-content\/uploads\/2018\/07\/18620008_1248233691940939_4173749310800829314_n_1.jpg\" width=\"740\" height=\"350\" border=\"0\" \/><\/p>\n<p>Estampida, producido por la Fundaci\u00f3n Augusto y Le\u00f3n Ferrari, es un proyecto participativo que busca generar intercambios cooperativos entre el arte, el trabajo, los derechos humanos, la tecnolog\u00eda y la ecolog\u00eda. Estampida es un taller abierto de serigraf\u00eda.<\/p>\n<p><img decoding=\"async\" loading=\"lazy\" src=\"https:\/\/istlyr-caba.infd.edu.ar\/sitio\/wp-content\/uploads\/2018\/07\/18582318_1248233788607596_9128961354767975069_n.jpg\" width=\"740\" height=\"350\" border=\"0\" \/><\/p>\n<p>Taller de Serigraf\u00eda Colectiva y Gr\u00e1fica Abya Yala, es un espacio en donde se entrelazan una cooperativa de trabajo, un colectivo de formaci\u00f3n en serigraf\u00eda y otro de propaganda. La serigraf\u00eda es adem\u00e1s de oficio, una herramienta de comunicaci\u00f3n social, de formaci\u00f3n pol\u00edtica, de espacializaci\u00f3n de la lucha por otro mundo posible, de supervivencia, un medio de reciprocidad que acobija y alimenta el esp\u00edritu.<\/p>\n<p><img decoding=\"async\" loading=\"lazy\" src=\"https:\/\/istlyr-caba.infd.edu.ar\/sitio\/wp-content\/uploads\/2018\/07\/18582605_1248233731940935_4331343836092958604_n.jpg\" width=\"740\" height=\"350\" border=\"0\" \/><\/p>\n<p>La actividad fue gratuita y abierta a toda la comunidad, organizada por el Taller de Arte y Lenguajes Expresivos, a cargo de la Profesora Natalia Revale, y el \u00c1rea de Extensi\u00f3n, Consultor\u00eda y Difusi\u00f3n del ISTLyR, a cargo de la Profesora Agustina P\u00e9rez Rial.<\/p>\n","protected":false},"excerpt":{"rendered":"<p>El 18 de mayo tuvimos un encuentro intensivo que cont\u00f3 con m\u00e1s de 50 asistentes, en el que nos introdujimos en la disciplina y las posibilidades que ofrece la t\u00e9cnica serigr\u00e1fica y compartimos las producciones de los colectivos que nos acompa\u00f1aron y las diferentes metodolog\u00edas de trabajo que nos propusieron. Estampida, producido por la Fundaci\u00f3n &#8230; <a title=\"Taller de Serigraf\u00eda con Colectivo Estampida y Taller de Serigraf\u00eda Colectiva y Gr\u00e1fica Abya Yala\" class=\"read-more\" href=\"https:\/\/istlyr-caba.infd.edu.ar\/sitio\/taller-de-serigrafia-con-colectivo-estampida-y-taller-de-serigrafia-colectiva-y-grafica-abya-yala\/\" aria-label=\"More on Taller de Serigraf\u00eda con Colectivo Estampida y Taller de Serigraf\u00eda Colectiva y Gr\u00e1fica Abya Yala\">[+]<\/a><\/p>\n","protected":false},"author":19,"featured_media":0,"comment_status":"closed","ping_status":"closed","sticky":false,"template":"","format":"standard","meta":[],"categories":[9],"tags":[],"acf":[],"_links":{"self":[{"href":"https:\/\/istlyr-caba.infd.edu.ar\/sitio\/wp-json\/wp\/v2\/posts\/1298"}],"collection":[{"href":"https:\/\/istlyr-caba.infd.edu.ar\/sitio\/wp-json\/wp\/v2\/posts"}],"about":[{"href":"https:\/\/istlyr-caba.infd.edu.ar\/sitio\/wp-json\/wp\/v2\/types\/post"}],"author":[{"embeddable":true,"href":"https:\/\/istlyr-caba.infd.edu.ar\/sitio\/wp-json\/wp\/v2\/users\/19"}],"replies":[{"embeddable":true,"href":"https:\/\/istlyr-caba.infd.edu.ar\/sitio\/wp-json\/wp\/v2\/comments?post=1298"}],"version-history":[{"count":2,"href":"https:\/\/istlyr-caba.infd.edu.ar\/sitio\/wp-json\/wp\/v2\/posts\/1298\/revisions"}],"predecessor-version":[{"id":2031,"href":"https:\/\/istlyr-caba.infd.edu.ar\/sitio\/wp-json\/wp\/v2\/posts\/1298\/revisions\/2031"}],"wp:attachment":[{"href":"https:\/\/istlyr-caba.infd.edu.ar\/sitio\/wp-json\/wp\/v2\/media?parent=1298"}],"wp:term":[{"taxonomy":"category","embeddable":true,"href":"https:\/\/istlyr-caba.infd.edu.ar\/sitio\/wp-json\/wp\/v2\/categories?post=1298"},{"taxonomy":"post_tag","embeddable":true,"href":"https:\/\/istlyr-caba.infd.edu.ar\/sitio\/wp-json\/wp\/v2\/tags?post=1298"}],"curies":[{"name":"wp","href":"https:\/\/api.w.org\/{rel}","templated":true}]}}