{"id":1279,"date":"2016-11-17T00:00:00","date_gmt":"2016-11-17T03:00:00","guid":{"rendered":"https:\/\/istlyr-caba.infd.edu.ar\/sitio\/un-viaje-mil-viajes\/"},"modified":"2018-08-09T12:31:19","modified_gmt":"2018-08-09T15:31:19","slug":"un-viaje-mil-viajes","status":"publish","type":"post","link":"https:\/\/istlyr-caba.infd.edu.ar\/sitio\/un-viaje-mil-viajes\/","title":{"rendered":"Un viaje, mil viajes"},"content":{"rendered":"<h3><\/h3>\n<p><img decoding=\"async\" style=\"margin-top: 10px; margin-bottom: 10px;\" src=\"https:\/\/istlyr-caba.infd.edu.ar\/sitio\/wp-content\/uploads\/2018\/07\/sergioA.jpg\" border=\"0\" \/><br \/>\nEl 7 y 8 de octubre pasados se realiz\u00f3 en la Facultad de Humanidades y Ciencias de la Educaci\u00f3n de La Plata la 2\u00aa Jornada de Literatura para Ni\u00f1os y su Ense\u00f1anza. En ese marco, un equipo de estudiantes y egresados de la carrera de Recreaci\u00f3n del ISTLyR coordinados por Mar\u00eda P\u00eda Caracotche y Sergio Frugoni participaron en la apertura con una intervenci\u00f3n l\u00fadica denominada <em>UN VIAJE MIL VIAJES,<\/em> El andar de las palabras.\u00a0La intervenci\u00f3n se desarroll\u00f3 luego de la acreditaci\u00f3n de los asistentes y antes de la conferencia de la escritora Mar\u00eda Teresa Andruetto.<\/p>\n<p>En los meses previos se hizo una convocatoria y se conform\u00f3 un equipo de estudiantes y graduados del Instituto, quienes con compromiso, entusiasmo, creatividad y enorme trabajo planificaron y llevaron adelante una propuesta para las 500 personas inscriptas en las Jornadas.<br \/>\n<img decoding=\"async\" loading=\"lazy\" style=\"margin-top: 10px; margin-bottom: 10px;\" src=\"https:\/\/istlyr-caba.infd.edu.ar\/sitio\/wp-content\/uploads\/2018\/07\/sergioB.jpg\" width=\"646\" height=\"350\" border=\"0\" \/><br \/>\nSe trat\u00f3 de un recorrido l\u00fadico entre el juego y la literatura, desplegado en diferentes espacios del campus universitario de la FaHCE. En ellos, se instalaron \u00abPlanetas de Viajes\u201d en los que se invitaba a jugar como una vuelta a la infancia, con las resonancias de \u201cpalabras que vuelan, navegan, se reflejan y nos ponen en juego\u201d. \u00a0Tambi\u00e9n hubo \u00abtransbordadores\u00bb para viajar de planeta en planeta: paseos en \u201cparaguas taxis\u201d en los que, a modo de una radio, se \u00a0escuchaba poes\u00eda en boca de sus autores: voces como las de Gelman, Cort\u00e1zar, Bellessi o Parra susurraban sus textos. En varias ocasiones se vieron ojos emocionados\u2026<\/p>\n<p>Hubo una enorme repercusi\u00f3n entre los participantes de todo el pa\u00eds, estudiantes, docentes de escuelas primarias, instituciones terciarias y la misma universidad. Expresiones de sorpresa, alegr\u00eda y emoci\u00f3n de quienes visitaban \u201cplanetas\u201d en los que literatura, juego, recreaci\u00f3n y arte se confund\u00edan en una misma propuesta l\u00fadica. En las palabras de apertura, el Decano de la Facultad de Humanidades y Ciencias de la Educaci\u00f3n de la UNLP, Dr. Anibal Viguera, agradeci\u00f3 al ISTLyR la calidad de la intervenci\u00f3n de sus estudiantes, egresados y docentes.<br \/>\n<img decoding=\"async\" loading=\"lazy\" style=\"margin-top: 10px; margin-bottom: 10px;\" src=\"https:\/\/istlyr-caba.infd.edu.ar\/sitio\/wp-content\/uploads\/2018\/07\/sergioC.jpg\" width=\"646\" height=\"350\" border=\"0\" \/><br \/>\nLas repercusiones siguieron d\u00edas despu\u00e9s, cuando desde lugares tan distantes entre s\u00ed como Posadas y Almagro llegaron fotos de escuelas en las que los docentes que hab\u00edan estado en las Jornadas mostraban algunas de las actividades vistas en la intervenci\u00f3n l\u00fadica, de las que se hab\u00edan apropiado para sus propios proyectos educativos. Un efecto multiplicador potente y enriquecedor para todos.<\/p>\n","protected":false},"excerpt":{"rendered":"<p>El 7 y 8 de octubre pasados se realiz\u00f3 en la Facultad de Humanidades y Ciencias de la Educaci\u00f3n de La Plata la 2\u00aa Jornada de Literatura para Ni\u00f1os y su Ense\u00f1anza. En ese marco, un equipo de estudiantes y egresados de la carrera de Recreaci\u00f3n del ISTLyR coordinados por Mar\u00eda P\u00eda Caracotche y Sergio &#8230; <a title=\"Un viaje, mil viajes\" class=\"read-more\" href=\"https:\/\/istlyr-caba.infd.edu.ar\/sitio\/un-viaje-mil-viajes\/\" aria-label=\"More on Un viaje, mil viajes\">[+]<\/a><\/p>\n","protected":false},"author":19,"featured_media":0,"comment_status":"closed","ping_status":"closed","sticky":false,"template":"","format":"standard","meta":[],"categories":[9],"tags":[],"acf":[],"_links":{"self":[{"href":"https:\/\/istlyr-caba.infd.edu.ar\/sitio\/wp-json\/wp\/v2\/posts\/1279"}],"collection":[{"href":"https:\/\/istlyr-caba.infd.edu.ar\/sitio\/wp-json\/wp\/v2\/posts"}],"about":[{"href":"https:\/\/istlyr-caba.infd.edu.ar\/sitio\/wp-json\/wp\/v2\/types\/post"}],"author":[{"embeddable":true,"href":"https:\/\/istlyr-caba.infd.edu.ar\/sitio\/wp-json\/wp\/v2\/users\/19"}],"replies":[{"embeddable":true,"href":"https:\/\/istlyr-caba.infd.edu.ar\/sitio\/wp-json\/wp\/v2\/comments?post=1279"}],"version-history":[{"count":2,"href":"https:\/\/istlyr-caba.infd.edu.ar\/sitio\/wp-json\/wp\/v2\/posts\/1279\/revisions"}],"predecessor-version":[{"id":2120,"href":"https:\/\/istlyr-caba.infd.edu.ar\/sitio\/wp-json\/wp\/v2\/posts\/1279\/revisions\/2120"}],"wp:attachment":[{"href":"https:\/\/istlyr-caba.infd.edu.ar\/sitio\/wp-json\/wp\/v2\/media?parent=1279"}],"wp:term":[{"taxonomy":"category","embeddable":true,"href":"https:\/\/istlyr-caba.infd.edu.ar\/sitio\/wp-json\/wp\/v2\/categories?post=1279"},{"taxonomy":"post_tag","embeddable":true,"href":"https:\/\/istlyr-caba.infd.edu.ar\/sitio\/wp-json\/wp\/v2\/tags?post=1279"}],"curies":[{"name":"wp","href":"https:\/\/api.w.org\/{rel}","templated":true}]}}