{"id":1274,"date":"2016-11-15T00:00:00","date_gmt":"2016-11-15T03:00:00","guid":{"rendered":"https:\/\/istlyr-caba.infd.edu.ar\/sitio\/taller-de-serigrafia-colectiva\/"},"modified":"2018-08-09T12:14:24","modified_gmt":"2018-08-09T15:14:24","slug":"taller-de-serigrafia-colectiva","status":"publish","type":"post","link":"https:\/\/istlyr-caba.infd.edu.ar\/sitio\/taller-de-serigrafia-colectiva\/","title":{"rendered":"Taller de Serigraf\u00eda Colectiva"},"content":{"rendered":"<p><img decoding=\"async\" loading=\"lazy\" style=\"margin-top: 10px; margin-bottom: 10px;\" src=\"https:\/\/istlyr-caba.infd.edu.ar\/sitio\/wp-content\/uploads\/2018\/07\/seriA.jpg\" width=\"646\" height=\"350\" border=\"0\" \/><\/p>\n<p>El pasado jueves 20 de octubre se llev\u00f3 a cabo el Taller de serigraf\u00eda a cargo de los artistas Cumby Giraudi y Cecilia Mur, integrante de los colectivos Gr\u00e1fica Abya Yala y Taller de serigraf\u00eda colectiva.<br \/>\nLa propuesta surgi\u00f3 como una articulaci\u00f3n del <em>Taller de Artes y Lenguajes<\/em> y el \u00c1rea de Extensi\u00f3n y Difusi\u00f3n del ISTLyR, en una actividad abierta a la comunidad que cont\u00f3 con m\u00e1s de 100 interesados\/as y 60 inscriptos\/as.<br \/>\nA trav\u00e9s de las experiencias de los\/as invitados\/as pudimos sumergirnos en la compleja t\u00e9cnica de la serigraf\u00eda y las motivaciones por las que ellos\/as han elegido dedicar su vida a esta disciplina.<br \/>\nCumby Giraudi se form\u00f3 en la t\u00e9cnica de la serigraf\u00eda desde peque\u00f1o, y fue a trav\u00e9s de su maestro que se enamor\u00f3 de las posibilidades que brindaba esta herramienta. Cumby trabaja fundamentalmente con artistas pl\u00e1sticos o fot\u00f3grafos que quieren llevar su obra a la serigraf\u00eda, y es a trav\u00e9s del di\u00e1logo con ellos que encuentran la forma de llegar al resultado que buscan. Si bien la serigraf\u00eda es una forma de reproducci\u00f3n de una misma imagen, Cumby busca que cada imagen tenga una impronta, que no sean iguales, y es por eso que el artista puede formar parte del proceso.<br \/>\n<img decoding=\"async\" style=\"margin-top: 10px; margin-bottom: 10px; border: 0;\" src=\"https:\/\/istlyr-caba.infd.edu.ar\/sitio\/wp-content\/uploads\/2018\/07\/seriB.jpg\" border=\"0\" \/><br \/>\nEl recorrido de Gr\u00e1fica Abya Yala y Taller de serigraf\u00eda colectiva nace en el CGP24 en el barrio de Flores, en una escuela de oficios recuperada en el a\u00f1o 2001. All\u00ed se cre\u00f3 el taller de cooperaci\u00f3n en donde, nos cuenta Cecilia, se complejiz\u00f3 el oficio desde una mirada colectiva. Utilizan la serigraf\u00eda como herramienta de autogesti\u00f3n, para luego ser tambi\u00e9n multiplicadores del oficio. Viajando por Latinoam\u00e9rica comenzaron a conocer diferentes comunidades y sus necesidades y fue a trav\u00e9s de la serigraf\u00eda la forma de relaci\u00f3n e intercambio con ellos, no s\u00f3lo dando a conocer la t\u00e9cnica sino con el objetivo de formar multiplicadores, dejando as\u00ed la semilla de la autonom\u00eda y no de la dependencia. El intercambio de afiches con los diferentes talleres de gr\u00e1fica que fueron conociendo, convirti\u00f3 a los integrantes del colectivo en carteros. \u201cLos carteles nos interpelan, desde la denuncia, las b\u00fasquedas, supervivencias y deseos de las personas. Son un medio de comunicaci\u00f3n social y formaci\u00f3n pol\u00edtica y otra espacializaci\u00f3n de lucha por otro mundo posible.\u201d<br \/>\nCon t\u00e9cnicas y soportes diferentes, textil y papel, se montaron dos mesas de impresi\u00f3n en el Sal\u00f3n de Usos M\u00faltiples del instituto y en pocos minutos se convirti\u00f3 en un taller de impresi\u00f3n en donde los\/as estudiantes pudieron experimentar el hacer serigraf\u00eda, estampar, llevarse sus afiches y remeras y sobre todo ideas para seguir produciendo.<\/p>\n<p><strong>Profesora Natalia Revale \u2013 Taller de Artes y Lenguajes<\/strong><\/p>\n","protected":false},"excerpt":{"rendered":"<p>El pasado jueves 20 de octubre se llev\u00f3 a cabo el Taller de serigraf\u00eda a cargo de los artistas Cumby Giraudi y Cecilia Mur, integrante de los colectivos Gr\u00e1fica Abya Yala y Taller de serigraf\u00eda colectiva. La propuesta surgi\u00f3 como una articulaci\u00f3n del Taller de Artes y Lenguajes y el \u00c1rea de Extensi\u00f3n y Difusi\u00f3n &#8230; <a title=\"Taller de Serigraf\u00eda Colectiva\" class=\"read-more\" href=\"https:\/\/istlyr-caba.infd.edu.ar\/sitio\/taller-de-serigrafia-colectiva\/\" aria-label=\"More on Taller de Serigraf\u00eda Colectiva\">[+]<\/a><\/p>\n","protected":false},"author":19,"featured_media":0,"comment_status":"closed","ping_status":"closed","sticky":false,"template":"","format":"standard","meta":[],"categories":[9],"tags":[],"acf":[],"_links":{"self":[{"href":"https:\/\/istlyr-caba.infd.edu.ar\/sitio\/wp-json\/wp\/v2\/posts\/1274"}],"collection":[{"href":"https:\/\/istlyr-caba.infd.edu.ar\/sitio\/wp-json\/wp\/v2\/posts"}],"about":[{"href":"https:\/\/istlyr-caba.infd.edu.ar\/sitio\/wp-json\/wp\/v2\/types\/post"}],"author":[{"embeddable":true,"href":"https:\/\/istlyr-caba.infd.edu.ar\/sitio\/wp-json\/wp\/v2\/users\/19"}],"replies":[{"embeddable":true,"href":"https:\/\/istlyr-caba.infd.edu.ar\/sitio\/wp-json\/wp\/v2\/comments?post=1274"}],"version-history":[{"count":2,"href":"https:\/\/istlyr-caba.infd.edu.ar\/sitio\/wp-json\/wp\/v2\/posts\/1274\/revisions"}],"predecessor-version":[{"id":2076,"href":"https:\/\/istlyr-caba.infd.edu.ar\/sitio\/wp-json\/wp\/v2\/posts\/1274\/revisions\/2076"}],"wp:attachment":[{"href":"https:\/\/istlyr-caba.infd.edu.ar\/sitio\/wp-json\/wp\/v2\/media?parent=1274"}],"wp:term":[{"taxonomy":"category","embeddable":true,"href":"https:\/\/istlyr-caba.infd.edu.ar\/sitio\/wp-json\/wp\/v2\/categories?post=1274"},{"taxonomy":"post_tag","embeddable":true,"href":"https:\/\/istlyr-caba.infd.edu.ar\/sitio\/wp-json\/wp\/v2\/tags?post=1274"}],"curies":[{"name":"wp","href":"https:\/\/api.w.org\/{rel}","templated":true}]}}