{"id":1269,"date":"2016-11-15T00:00:00","date_gmt":"2016-11-15T03:00:00","guid":{"rendered":"https:\/\/istlyr-caba.infd.edu.ar\/sitio\/con-el-istlyr-a-los-juicios-%c2%96-proyecto-de-intervencion-en-practicas-iii-pyes\/"},"modified":"2018-08-09T12:17:26","modified_gmt":"2018-08-09T15:17:26","slug":"con-el-istlyr-a-los-juicios-%c2%96-proyecto-de-intervencion-en-practicas-iii-pyes","status":"publish","type":"post","link":"https:\/\/istlyr-caba.infd.edu.ar\/sitio\/con-el-istlyr-a-los-juicios-%c2%96-proyecto-de-intervencion-en-practicas-iii-pyes\/","title":{"rendered":"Con el ISTLyR a los juicios \u0096 proyecto de intervenci\u00f3n en Pr\u00e1cticas III (PyES)"},"content":{"rendered":"<h3><\/h3>\n<p><strong><img decoding=\"async\" loading=\"lazy\" style=\"margin-top: 10px; margin-bottom: 10px;\" src=\"https:\/\/istlyr-caba.infd.edu.ar\/sitio\/wp-content\/uploads\/2018\/07\/juiciosA.jpg\" width=\"646\" height=\"350\" border=\"0\" \/><br \/>\nSe llev\u00f3 a cabo el 31 de octubre en el marco de la c\u00e1tedra <em>Pr\u00e1cticas III<\/em> de PyES, como parte de un proyecto iniciado por Cecilia Bader, estudiante que realiza sus pr\u00e1cticas pre-profesionales en el EX CCDTyE Club Atl\u00e9tico.<\/strong><\/p>\n<p>La actividad se desarroll\u00f3 entre las 19 y las 21 horas, en el 5\u00b0 piso del ISTLyR. En la apertura, Cecilia realiz\u00f3 una introducci\u00f3n en la que habl\u00f3 de la actual coyuntura pol\u00edtica e hist\u00f3rica. Le sigui\u00f3 una charla por parte del equipo de transmisi\u00f3n del Club Atl\u00e9tico, formado por Susana Mitre y Ricardo Andreu, quienes contaron la historia del ex centro clandestino, mostraron im\u00e1genes y fundamentaron el porqu\u00e9 de la estructura de dicho centro, que corresponde a una excavaci\u00f3n arqueol\u00f3gica ya que fue demolido luego de emplearse como campo de concentraci\u00f3n.<br \/>\nPara culminar, contamos con la participaci\u00f3n especial de un sobreviviente, militante y amigo del centro, Miguel D\u2019Agostino, quien relat\u00f3 su experiencia durante la dictadura y su paso, luego, por los diferentes juicios por delitos de lesa humanidad, tomando espec\u00edficamente el juicio ABO III (correspondiente al circuito Atl\u00e9tico-Banco-Olimpo) que se est\u00e1 llevando a cabo en estos d\u00edas, y en el que \u00e9l declarar\u00e1 el pr\u00f3ximo 22 de noviembre.<br \/>\n<img decoding=\"async\" style=\"margin-top: 10px; margin-bottom: 10px; border: 0;\" src=\"https:\/\/istlyr-caba.infd.edu.ar\/sitio\/wp-content\/uploads\/2018\/07\/juiciosB.jpg\" border=\"0\" \/>El objetivo del encuentro fue concientizar y promover la presencia en las audiencias que se dan los d\u00edas martes y mi\u00e9rcoles de noviembre en Comodoro Py 2002, para acompa\u00f1ar a testigos, familiares y amigos de desaparecidos.<br \/>\nEn el cierre hubo un espacio para preguntas; la invitaci\u00f3n a presenciar las audiencias el 15 y el 22 de noviembre; y unas palabras a cargo de Cecilia Bader, quien organiz\u00f3 el proyecto.<\/p>\n","protected":false},"excerpt":{"rendered":"<p>Se llev\u00f3 a cabo el 31 de octubre en el marco de la c\u00e1tedra Pr\u00e1cticas III de PyES, como parte de un proyecto iniciado por Cecilia Bader, estudiante que realiza sus pr\u00e1cticas pre-profesionales en el EX CCDTyE Club Atl\u00e9tico. La actividad se desarroll\u00f3 entre las 19 y las 21 horas, en el 5\u00b0 piso del &#8230; <a title=\"Con el ISTLyR a los juicios \u0096 proyecto de intervenci\u00f3n en Pr\u00e1cticas III (PyES)\" class=\"read-more\" href=\"https:\/\/istlyr-caba.infd.edu.ar\/sitio\/con-el-istlyr-a-los-juicios-%c2%96-proyecto-de-intervencion-en-practicas-iii-pyes\/\" aria-label=\"More on Con el ISTLyR a los juicios \u0096 proyecto de intervenci\u00f3n en Pr\u00e1cticas III (PyES)\">[+]<\/a><\/p>\n","protected":false},"author":19,"featured_media":0,"comment_status":"closed","ping_status":"closed","sticky":false,"template":"","format":"standard","meta":[],"categories":[9],"tags":[],"acf":[],"_links":{"self":[{"href":"https:\/\/istlyr-caba.infd.edu.ar\/sitio\/wp-json\/wp\/v2\/posts\/1269"}],"collection":[{"href":"https:\/\/istlyr-caba.infd.edu.ar\/sitio\/wp-json\/wp\/v2\/posts"}],"about":[{"href":"https:\/\/istlyr-caba.infd.edu.ar\/sitio\/wp-json\/wp\/v2\/types\/post"}],"author":[{"embeddable":true,"href":"https:\/\/istlyr-caba.infd.edu.ar\/sitio\/wp-json\/wp\/v2\/users\/19"}],"replies":[{"embeddable":true,"href":"https:\/\/istlyr-caba.infd.edu.ar\/sitio\/wp-json\/wp\/v2\/comments?post=1269"}],"version-history":[{"count":2,"href":"https:\/\/istlyr-caba.infd.edu.ar\/sitio\/wp-json\/wp\/v2\/posts\/1269\/revisions"}],"predecessor-version":[{"id":2091,"href":"https:\/\/istlyr-caba.infd.edu.ar\/sitio\/wp-json\/wp\/v2\/posts\/1269\/revisions\/2091"}],"wp:attachment":[{"href":"https:\/\/istlyr-caba.infd.edu.ar\/sitio\/wp-json\/wp\/v2\/media?parent=1269"}],"wp:term":[{"taxonomy":"category","embeddable":true,"href":"https:\/\/istlyr-caba.infd.edu.ar\/sitio\/wp-json\/wp\/v2\/categories?post=1269"},{"taxonomy":"post_tag","embeddable":true,"href":"https:\/\/istlyr-caba.infd.edu.ar\/sitio\/wp-json\/wp\/v2\/tags?post=1269"}],"curies":[{"name":"wp","href":"https:\/\/api.w.org\/{rel}","templated":true}]}}