{"id":1267,"date":"2016-09-20T00:00:00","date_gmt":"2016-09-20T03:00:00","guid":{"rendered":"https:\/\/istlyr-caba.infd.edu.ar\/sitio\/convocatoria-de-arte-correo-%c2%93julio-lopez-aparicion-con-vida-ya%c2%94\/"},"modified":"2018-08-10T12:34:08","modified_gmt":"2018-08-10T15:34:08","slug":"convocatoria-de-arte-correo-%c2%93julio-lopez-aparicion-con-vida-ya%c2%94","status":"publish","type":"post","link":"https:\/\/istlyr-caba.infd.edu.ar\/sitio\/convocatoria-de-arte-correo-%c2%93julio-lopez-aparicion-con-vida-ya%c2%94\/","title":{"rendered":"Convocatoria de Arte Correo: \u0093Julio L\u00f3pez. \u00a1Aparici\u00f3n con vida ya!\u0094"},"content":{"rendered":"<p class=\"sitio_noticia_volanta\" >\n<h3>Convocatoria de Arte Correo: \u0093Julio L\u00f3pez. \u00a1Aparici\u00f3n con vida ya!\u0094<\/h3>\n<p class=\"sitio_noticia_copete\" >Desde el 2 de septiembre se exhibe en el Bar La Tribu, Lambar\u00e9 873. La curadur\u00eda est\u00e1 a cargo de la profesora del ISTLyR, Natalia Revale, junto a Javier del Olmo y Ed\u00e9n Bastida Kullick<\/p>\n<hr class=\"sitio_noticia_contenido\" \/>\n<p >\n<p dir=\"ltr\"><span><img decoding=\"async\" loading=\"lazy\" style=\"margin-top: 10px; margin-bottom: 10px;\" src=\"https:\/\/istlyr-caba.infd.edu.ar\/sitio\/wp-content\/uploads\/2018\/07\/jjl.jpg\" border=\"0\" width=\"646\" height=\"346\">La Convocatoria de Arte Correo &ldquo;Julio L&oacute;pez. &iexcl;Aparici&oacute;n con vida ya!&rdquo; fue lanzada pocos meses despu&eacute;s de su desaparici&oacute;n y expuesta por primera vez en la Plaza de Mayo durante la marcha del primer aniversario, el 18 de septiembre de 2007. Nuevamente se exhibi&oacute; en las paredes del Cabildo de Buenos Aires el 24 de marzo de 2008.<\/span><\/p>\n<p><span id=\"docs-internal-guid-f3c06c7d-4a2a-031f-4f15-d4f4ce6d0b5f\"><span>Participaron Luis Abraham, Diego Abu Arab, David Acevedo, Daniel Acosta, Rosa Audisio, Alicia Ben&iacute;tez, Jorge Catalogna, Agustina Costa, Javier del Olmo, Mar&iacute;a Paula Doberti, Liliana Esteban, Roberto Farona, Alberto Fernandez, Le&oacute;n Ferrari, Estela Garber, Nora Le&oacute;n, Adri&aacute;n Levy, Marcelo Lo Pinto, Ana Maldonado, Rub&eacute;n Mancini, Norberto Jos&eacute; Martinez, Jos&eacute; Luis Meir&aacute;s, Olga Morales, Grupo Mundosoniricos, Clemente Padin, Hilda Paz, Oscar Pereyra, Andrea Perez, Hugo Pontes, Raquel Rodriguez, Claudia Ruiz Herrera, Ezequiel S2, Diana Santos, Rub&eacute;n Sassano, Viviana Sasso, Calixto Saucedo, F&eacute;lix Torrez, Andrea Vallejos, Dora Ventosa, Hugo Vidal, Alicia Noemi Z, Artistas Pl&aacute;sticos Solidarios.<\/span><span><br class=\"kix-line-break\"><\/span><span><br class=\"kix-line-break\"><\/span><span>Convocada por Claudia Ruiz Herrera, David Acevedo y Javier del Olmo, la muestra continu&oacute; circulando por diferentes lugares del pa&iacute;s. Hoy, a diez a&ntilde;os, nuevas correspondencias se siguen haciendo eco de este grito, que clama &iexcl;Aparici&oacute;n con vida de Julio L&oacute;pez!<\/span><span><br class=\"kix-line-break\"><\/span><span><br class=\"kix-line-break\"><\/span><span>Hoy se suman nuevas participaciones: Clemente Padin (Uruguay), M&aacute;ximo Pagano, Paula Figoli, Calixto Saucedo, Walter Brovia, Marina Etchegoyen, Sabrina Farioli, M&oacute;nica Gonz&aacute;lez, Silvio De Gracia, Maya L&oacute;pez Muro( Italia), Roberta Rodrigues (Uruguay), Danielsis Kaffee Fllash Stn, Alejandra Andreone, Julia Properzi, Silvina Patano, Rosa Gravino, Lucho Galo, Rodolfo Amy, Julieta Rockera, Luque Agus M., Debora Kirnos, Viviana Barletta, Silvia Lissa, Silvia Rocca, Aixa Sacco, Stella Maris Loureiro, Heliana Vera, Nelda Ramos, Mar&iacute;a Paula Doberti,&nbsp;Artistas Solidarios,&nbsp;F&eacute;lix Torrez, Adri&aacute;n Levy, Ana Maldonado, Gerardo dell Oro, &nbsp;Guillermo Chempes&hellip; y siguen llegando.<\/span><\/span><\/p><\/p>\n","protected":false},"excerpt":{"rendered":"<p>Convocatoria de Arte Correo: \u0093Julio L\u00f3pez. \u00a1Aparici\u00f3n con vida ya!\u0094 Desde el 2 de septiembre se exhibe en el Bar La Tribu, Lambar\u00e9 873. La curadur\u00eda est\u00e1 a cargo de la profesora del ISTLyR, Natalia Revale, junto a Javier del Olmo y Ed\u00e9n Bastida Kullick La Convocatoria de Arte Correo &ldquo;Julio L&oacute;pez. &iexcl;Aparici&oacute;n con vida &#8230; <a title=\"Convocatoria de Arte Correo: \u0093Julio L\u00f3pez. \u00a1Aparici\u00f3n con vida ya!\u0094\" class=\"read-more\" href=\"https:\/\/istlyr-caba.infd.edu.ar\/sitio\/convocatoria-de-arte-correo-%c2%93julio-lopez-aparicion-con-vida-ya%c2%94\/\" aria-label=\"More on Convocatoria de Arte Correo: \u0093Julio L\u00f3pez. \u00a1Aparici\u00f3n con vida ya!\u0094\">[+]<\/a><\/p>\n","protected":false},"author":19,"featured_media":0,"comment_status":"closed","ping_status":"closed","sticky":false,"template":"","format":"standard","meta":[],"categories":[10],"tags":[],"acf":[],"_links":{"self":[{"href":"https:\/\/istlyr-caba.infd.edu.ar\/sitio\/wp-json\/wp\/v2\/posts\/1267"}],"collection":[{"href":"https:\/\/istlyr-caba.infd.edu.ar\/sitio\/wp-json\/wp\/v2\/posts"}],"about":[{"href":"https:\/\/istlyr-caba.infd.edu.ar\/sitio\/wp-json\/wp\/v2\/types\/post"}],"author":[{"embeddable":true,"href":"https:\/\/istlyr-caba.infd.edu.ar\/sitio\/wp-json\/wp\/v2\/users\/19"}],"replies":[{"embeddable":true,"href":"https:\/\/istlyr-caba.infd.edu.ar\/sitio\/wp-json\/wp\/v2\/comments?post=1267"}],"version-history":[{"count":1,"href":"https:\/\/istlyr-caba.infd.edu.ar\/sitio\/wp-json\/wp\/v2\/posts\/1267\/revisions"}],"predecessor-version":[{"id":2255,"href":"https:\/\/istlyr-caba.infd.edu.ar\/sitio\/wp-json\/wp\/v2\/posts\/1267\/revisions\/2255"}],"wp:attachment":[{"href":"https:\/\/istlyr-caba.infd.edu.ar\/sitio\/wp-json\/wp\/v2\/media?parent=1267"}],"wp:term":[{"taxonomy":"category","embeddable":true,"href":"https:\/\/istlyr-caba.infd.edu.ar\/sitio\/wp-json\/wp\/v2\/categories?post=1267"},{"taxonomy":"post_tag","embeddable":true,"href":"https:\/\/istlyr-caba.infd.edu.ar\/sitio\/wp-json\/wp\/v2\/tags?post=1267"}],"curies":[{"name":"wp","href":"https:\/\/api.w.org\/{rel}","templated":true}]}}