{"id":1265,"date":"2016-09-20T00:00:00","date_gmt":"2016-09-20T03:00:00","guid":{"rendered":"https:\/\/istlyr-caba.infd.edu.ar\/sitio\/ecos-de-las-14-jornadas-de-tiempo-libre-y-recreacion-en-buenos-aires-argentina\/"},"modified":"2018-08-09T12:23:11","modified_gmt":"2018-08-09T15:23:11","slug":"ecos-de-las-14-jornadas-de-tiempo-libre-y-recreacion-en-buenos-aires-argentina","status":"publish","type":"post","link":"https:\/\/istlyr-caba.infd.edu.ar\/sitio\/ecos-de-las-14-jornadas-de-tiempo-libre-y-recreacion-en-buenos-aires-argentina\/","title":{"rendered":"Ecos de las 14\u00b0 Jornadas de Tiempo Libre y Recreaci\u00f3n en Buenos Aires &#8211; Argentina"},"content":{"rendered":"<p><strong><img decoding=\"async\" loading=\"lazy\" style=\"margin-top: 10px; margin-bottom: 10px;\" src=\"https:\/\/istlyr-caba.infd.edu.ar\/sitio\/wp-content\/uploads\/2018\/07\/jornadas1.jpg\" width=\"646\" height=\"346\" border=\"0\" \/><br \/>\nSe llevaron a cabo entre el 12 y el 15 de agosto bajo la consigna \u201cEducaci\u00f3n, Organizaci\u00f3n y Derechos. Resistir y Construir hacia una \u00e9tica de la Recreaci\u00f3n\u201d. Contaron con m\u00e1s de 500 asistentes provenientes de distintas provincias del pa\u00eds y tambi\u00e9n de Uruguay, Chile y M\u00e9xico.<\/strong><\/p>\n<p><strong><img decoding=\"async\" class=\"alignleft\" style=\"border: 0; margin-top: 10px; margin-bottom: 10px;\" src=\"https:\/\/istlyr-caba.infd.edu.ar\/sitio\/wp-content\/uploads\/2018\/07\/jornadas2.jpg\" border=\"0\" \/><\/strong><\/p>\n<p><img decoding=\"async\" loading=\"lazy\" style=\" margin-top: 10px; margin-bottom: 10px;\" src=\"https:\/\/istlyr-caba.infd.edu.ar\/sitio\/wp-content\/uploads\/2018\/07\/jornadas3.jpg\" width=\"646\" height=\"300\" border=\"0\" \/><\/p>\n<p>La apertura tuvo lugar en el ISTLyR. El resto de las Jornadas se desarrollaron, como desde hace 3 a\u00f1os, en el colegio Mariano Acosta. Se llevaron a cabo presentaciones de experiencias, libros, exposiciones, talleres y cursos desde la \u00f3ptica de los ejes propuestos este a\u00f1o.<\/p>\n<p><a href=\"https:\/\/www.facebook.com\/jornadastlyr\/?fref=ts\" target=\"_blank\" rel=\"noopener\">M\u00e1s informaci\u00f3n<\/a><\/p>\n","protected":false},"excerpt":{"rendered":"<p>Se llevaron a cabo entre el 12 y el 15 de agosto bajo la consigna \u201cEducaci\u00f3n, Organizaci\u00f3n y Derechos. Resistir y Construir hacia una \u00e9tica de la Recreaci\u00f3n\u201d. Contaron con m\u00e1s de 500 asistentes provenientes de distintas provincias del pa\u00eds y tambi\u00e9n de Uruguay, Chile y M\u00e9xico. La apertura tuvo lugar en el ISTLyR. El &#8230; <a title=\"Ecos de las 14\u00b0 Jornadas de Tiempo Libre y Recreaci\u00f3n en Buenos Aires &#8211; Argentina\" class=\"read-more\" href=\"https:\/\/istlyr-caba.infd.edu.ar\/sitio\/ecos-de-las-14-jornadas-de-tiempo-libre-y-recreacion-en-buenos-aires-argentina\/\" aria-label=\"More on Ecos de las 14\u00b0 Jornadas de Tiempo Libre y Recreaci\u00f3n en Buenos Aires &#8211; Argentina\">[+]<\/a><\/p>\n","protected":false},"author":19,"featured_media":0,"comment_status":"closed","ping_status":"closed","sticky":false,"template":"","format":"standard","meta":[],"categories":[9],"tags":[],"acf":[],"_links":{"self":[{"href":"https:\/\/istlyr-caba.infd.edu.ar\/sitio\/wp-json\/wp\/v2\/posts\/1265"}],"collection":[{"href":"https:\/\/istlyr-caba.infd.edu.ar\/sitio\/wp-json\/wp\/v2\/posts"}],"about":[{"href":"https:\/\/istlyr-caba.infd.edu.ar\/sitio\/wp-json\/wp\/v2\/types\/post"}],"author":[{"embeddable":true,"href":"https:\/\/istlyr-caba.infd.edu.ar\/sitio\/wp-json\/wp\/v2\/users\/19"}],"replies":[{"embeddable":true,"href":"https:\/\/istlyr-caba.infd.edu.ar\/sitio\/wp-json\/wp\/v2\/comments?post=1265"}],"version-history":[{"count":5,"href":"https:\/\/istlyr-caba.infd.edu.ar\/sitio\/wp-json\/wp\/v2\/posts\/1265\/revisions"}],"predecessor-version":[{"id":2111,"href":"https:\/\/istlyr-caba.infd.edu.ar\/sitio\/wp-json\/wp\/v2\/posts\/1265\/revisions\/2111"}],"wp:attachment":[{"href":"https:\/\/istlyr-caba.infd.edu.ar\/sitio\/wp-json\/wp\/v2\/media?parent=1265"}],"wp:term":[{"taxonomy":"category","embeddable":true,"href":"https:\/\/istlyr-caba.infd.edu.ar\/sitio\/wp-json\/wp\/v2\/categories?post=1265"},{"taxonomy":"post_tag","embeddable":true,"href":"https:\/\/istlyr-caba.infd.edu.ar\/sitio\/wp-json\/wp\/v2\/tags?post=1265"}],"curies":[{"name":"wp","href":"https:\/\/api.w.org\/{rel}","templated":true}]}}