{"id":1260,"date":"2016-09-20T00:00:00","date_gmt":"2016-09-20T03:00:00","guid":{"rendered":"https:\/\/istlyr-caba.infd.edu.ar\/sitio\/viernes-culturales-un-espacio-en-construccion-colaborativa\/"},"modified":"2018-08-09T12:18:43","modified_gmt":"2018-08-09T15:18:43","slug":"viernes-culturales-un-espacio-en-construccion-colaborativa","status":"publish","type":"post","link":"https:\/\/istlyr-caba.infd.edu.ar\/sitio\/viernes-culturales-un-espacio-en-construccion-colaborativa\/","title":{"rendered":"Viernes Culturales. Un espacio en construcci\u00f3n colaborativa"},"content":{"rendered":"<h3><\/h3>\n<p style=\"text-align: left;\"><strong>Desde principio de a\u00f1o comenz\u00f3 a consolidarse en el Instituto un espacio en el que confluyen proyecciones, charlas, mesas redondas, jornadas, talleres y ferias autogestionadas por estudiantes. Un espacio abierto a docentes y estudiantes del Instituto y a la comunidad en general: los Viernes Culturales.<\/strong><\/p>\n<p>Los Viernes Culturales son un espacio que se inici\u00f3 como un conjunto de actividades que poco a poco fueron apropi\u00e1ndose de las \u00faltimas horas del \u00faltimo d\u00eda de la semana en la instituci\u00f3n. Entre las pr\u00f3ximas actividades programadas se encuentran las proyecciones organizadas por Gabriela Bustos y Maximiliano de la Puente, docentes de la Tecnicatura en Comunicaci\u00f3n Social orientada al Desarrollo Local, que comenzaron en el a\u00f1o 2015 con un Cine Club que ha ido instal\u00e1ndose en las agendas de circulaci\u00f3n de los cin\u00e9filos con una programaci\u00f3n de cine pol\u00edtico que incluye estrenos acompa\u00f1ados de sus directores. Ver recuadro: <em>\u201cCine Club en el ISTLyR\u201d<\/em><\/p>\n<p>Se prev\u00e9n tambi\u00e9n para los pr\u00f3ximos viernes un conjunto de actividades organizadas por el Centro de Estudiantes, como la proyecci\u00f3n del documental \u00abSala Alberdi\u00bb (2016), que contar\u00e1 con la presencia de la directora Micaela Tisminetzky (23 de septiembre); una charla debate con la Coordinadora Contra la Represi\u00f3n Policial e Institucional- CORREPI (18 de octubre); y un debate con la Asociaci\u00f3n de Mujeres Meretrices de la Argentina- AMMAR (fecha a confirmar).<\/p>\n<p style=\"text-align: left;\">Tambi\u00e9n se programar\u00e1 en octubre un di\u00e1logo con el Doctor en Antropolog\u00eda y especialista en temas de educaci\u00f3n, migraci\u00f3n e identidad, Alejandro Grimson, en el marco del Espacio de Charlas <em>Mejor Hablemos\u2026<\/em>, un ciclo de debates abiertos que buscan fomentar el intercambio en un intento por desarrollar una formaci\u00f3n comprometida con el presente.<\/p>\n<table style=\"background-color: #c9f7f6;\" border=\"0\" cellspacing=\"10\" align=\"left\">\n<tbody>\n<tr>\n<td><strong>Cine Club en el ISTLyR<\/strong><\/p>\n<p>El viernes 30 de septiembre a las 19:30 horas proyectaremos <strong>\u201cSoy Tambor\u201d<\/strong>, el film de 2015 que registra la inmigraci\u00f3n afrouruguaya en la Argentina.<br \/>\nContaremos con la presencia de sus realizadores, M\u00f3nica Simoncini, Cecilia Ruiz y Santiago Masip para conversar luego de la proyecci\u00f3n.<\/p>\n<p>La actividad es libre y gratuita, abierta a toda la comunidad, y es organizada por los Profesores Gabriela Bustos y Maximiliano de la Puente de la Tecnicatura en Comunicaci\u00f3n Social orientada al desarrollo local.<\/p>\n<p><a href=\"https:\/\/www.youtube.com\/watch?v=VzVe9U-tJFI&amp;amp;feature=youtu.be\" target=\"_blank\" rel=\"noopener\">Ver trailer oficial<\/a><\/td>\n<\/tr>\n<\/tbody>\n<\/table>\n<p style=\"text-align: left;\">\n<p style=\"text-align: left;\"><strong>Profesora Agustina P\u00e9rez Rial<\/strong><br \/>\n<strong>\u00c1rea de Extensi\u00f3n, Consultor\u00eda y Difusi\u00f3n<\/strong><\/p>\n","protected":false},"excerpt":{"rendered":"<p>Desde principio de a\u00f1o comenz\u00f3 a consolidarse en el Instituto un espacio en el que confluyen proyecciones, charlas, mesas redondas, jornadas, talleres y ferias autogestionadas por estudiantes. Un espacio abierto a docentes y estudiantes del Instituto y a la comunidad en general: los Viernes Culturales. Los Viernes Culturales son un espacio que se inici\u00f3 como &#8230; <a title=\"Viernes Culturales. Un espacio en construcci\u00f3n colaborativa\" class=\"read-more\" href=\"https:\/\/istlyr-caba.infd.edu.ar\/sitio\/viernes-culturales-un-espacio-en-construccion-colaborativa\/\" aria-label=\"More on Viernes Culturales. Un espacio en construcci\u00f3n colaborativa\">[+]<\/a><\/p>\n","protected":false},"author":19,"featured_media":0,"comment_status":"closed","ping_status":"closed","sticky":false,"template":"","format":"standard","meta":[],"categories":[9],"tags":[],"acf":[],"_links":{"self":[{"href":"https:\/\/istlyr-caba.infd.edu.ar\/sitio\/wp-json\/wp\/v2\/posts\/1260"}],"collection":[{"href":"https:\/\/istlyr-caba.infd.edu.ar\/sitio\/wp-json\/wp\/v2\/posts"}],"about":[{"href":"https:\/\/istlyr-caba.infd.edu.ar\/sitio\/wp-json\/wp\/v2\/types\/post"}],"author":[{"embeddable":true,"href":"https:\/\/istlyr-caba.infd.edu.ar\/sitio\/wp-json\/wp\/v2\/users\/19"}],"replies":[{"embeddable":true,"href":"https:\/\/istlyr-caba.infd.edu.ar\/sitio\/wp-json\/wp\/v2\/comments?post=1260"}],"version-history":[{"count":3,"href":"https:\/\/istlyr-caba.infd.edu.ar\/sitio\/wp-json\/wp\/v2\/posts\/1260\/revisions"}],"predecessor-version":[{"id":2096,"href":"https:\/\/istlyr-caba.infd.edu.ar\/sitio\/wp-json\/wp\/v2\/posts\/1260\/revisions\/2096"}],"wp:attachment":[{"href":"https:\/\/istlyr-caba.infd.edu.ar\/sitio\/wp-json\/wp\/v2\/media?parent=1260"}],"wp:term":[{"taxonomy":"category","embeddable":true,"href":"https:\/\/istlyr-caba.infd.edu.ar\/sitio\/wp-json\/wp\/v2\/categories?post=1260"},{"taxonomy":"post_tag","embeddable":true,"href":"https:\/\/istlyr-caba.infd.edu.ar\/sitio\/wp-json\/wp\/v2\/tags?post=1260"}],"curies":[{"name":"wp","href":"https:\/\/api.w.org\/{rel}","templated":true}]}}