{"id":1234,"date":"2015-12-17T00:00:00","date_gmt":"2015-12-17T03:00:00","guid":{"rendered":"https:\/\/istlyr-caba.infd.edu.ar\/sitio\/ciclo-cine-club-en-el-istlyr\/"},"modified":"2018-08-09T16:45:52","modified_gmt":"2018-08-09T19:45:52","slug":"ciclo-cine-club-en-el-istlyr","status":"publish","type":"post","link":"https:\/\/istlyr-caba.infd.edu.ar\/sitio\/ciclo-cine-club-en-el-istlyr\/","title":{"rendered":"Ciclo Cine Club en el ISTLyR"},"content":{"rendered":"<p class=\"sitio_noticia_copete\">Comenz\u00f3 en agosto de este a\u00f1o, organizado por los docentes Maximiliano de la Puente y Gabriela Bustos. La idea fue abrir un espacio po\u00e9tico pol\u00edtico donde repensar y disfrutar en conjunto de las nuevas narrativas documentales comprometidas.<\/p>\n<hr class=\"sitio_noticia_contenido\" \/>\n<p dir=\"ltr\">A tal fin, convocamos para estos encuentros a documentalistas deintervenci\u00f3n pol\u00edtica que asumen la herramienta audiovisual como un potente instrumento de cara a la disputa cultural m\u00e1s amplia por dar visibilidad a las problem\u00e1ticas pol\u00edtico-sociales que no encuentran lugar en las l\u00f3gicas mercantiles y reproductivistas de la industria cultural.<\/p>\n<p dir=\"ltr\">Nuestro Cine Club articul\u00f3 en un doble movimiento: hacia adentro y hacia afuera, para construir colectivamente un espacio art\u00edstico y pol\u00edtico, y para sacar el instituto (nuestras voces, estudios y miradas) a la calle y abrirlo a la comunidad para que nos conozcan y para re-conocer-nos.<\/p>\n<p dir=\"ltr\">Durante 2015 proyectamos <em>C\u00e1ncer de m\u00e1quina<\/em> (2014)\u00a0de Alejandro Cohen Arazi y Jos\u00e9 Binetti en agosto; <em>Equipo verde<\/em> (2013)\u00a0de Alejandra Almir\u00f3n en septiembre; <em>La cascara rota<\/em> (2013)\u00a0de Florencia Mujica en octubre; y\u00a0<em>Ser\u00e9 millones<\/em> (2013)\u00a0de Omar Neri, M\u00f3nica Simoncini y Fernando Krichmar la primera semana de diciembre.<\/p>\n<p dir=\"ltr\">Nuestro objetivo es continuar con esta propuesta durante 2016.<br \/>\n\u00a1Esperamos seguir contando con ustedes!<\/p>\n<p dir=\"ltr\"><strong>Profesores Maximiliano de la Puente y Gabriela Bustos<\/strong><\/p>\n<p>&nbsp;<\/p>\n","protected":false},"excerpt":{"rendered":"<p>Comenz\u00f3 en agosto de este a\u00f1o, organizado por los docentes Maximiliano de la Puente y Gabriela Bustos. La idea fue abrir un espacio po\u00e9tico pol\u00edtico donde repensar y disfrutar en conjunto de las nuevas narrativas documentales comprometidas. A tal fin, convocamos para estos encuentros a documentalistas deintervenci\u00f3n pol\u00edtica que asumen la herramienta audiovisual como un &#8230; <a title=\"Ciclo Cine Club en el ISTLyR\" class=\"read-more\" href=\"https:\/\/istlyr-caba.infd.edu.ar\/sitio\/ciclo-cine-club-en-el-istlyr\/\" aria-label=\"More on Ciclo Cine Club en el ISTLyR\">[+]<\/a><\/p>\n","protected":false},"author":19,"featured_media":0,"comment_status":"closed","ping_status":"closed","sticky":false,"template":"","format":"standard","meta":[],"categories":[9],"tags":[],"acf":[],"_links":{"self":[{"href":"https:\/\/istlyr-caba.infd.edu.ar\/sitio\/wp-json\/wp\/v2\/posts\/1234"}],"collection":[{"href":"https:\/\/istlyr-caba.infd.edu.ar\/sitio\/wp-json\/wp\/v2\/posts"}],"about":[{"href":"https:\/\/istlyr-caba.infd.edu.ar\/sitio\/wp-json\/wp\/v2\/types\/post"}],"author":[{"embeddable":true,"href":"https:\/\/istlyr-caba.infd.edu.ar\/sitio\/wp-json\/wp\/v2\/users\/19"}],"replies":[{"embeddable":true,"href":"https:\/\/istlyr-caba.infd.edu.ar\/sitio\/wp-json\/wp\/v2\/comments?post=1234"}],"version-history":[{"count":3,"href":"https:\/\/istlyr-caba.infd.edu.ar\/sitio\/wp-json\/wp\/v2\/posts\/1234\/revisions"}],"predecessor-version":[{"id":2191,"href":"https:\/\/istlyr-caba.infd.edu.ar\/sitio\/wp-json\/wp\/v2\/posts\/1234\/revisions\/2191"}],"wp:attachment":[{"href":"https:\/\/istlyr-caba.infd.edu.ar\/sitio\/wp-json\/wp\/v2\/media?parent=1234"}],"wp:term":[{"taxonomy":"category","embeddable":true,"href":"https:\/\/istlyr-caba.infd.edu.ar\/sitio\/wp-json\/wp\/v2\/categories?post=1234"},{"taxonomy":"post_tag","embeddable":true,"href":"https:\/\/istlyr-caba.infd.edu.ar\/sitio\/wp-json\/wp\/v2\/tags?post=1234"}],"curies":[{"name":"wp","href":"https:\/\/api.w.org\/{rel}","templated":true}]}}