{"id":1233,"date":"2015-12-17T00:00:00","date_gmt":"2015-12-17T03:00:00","guid":{"rendered":"https:\/\/istlyr-caba.infd.edu.ar\/sitio\/jornada-inter-catedra-en-la-tecnicatura-en-tiempo-libre-y-recreacion-%c2%93que-es-zumerland%c2%94\/"},"modified":"2018-08-09T16:45:29","modified_gmt":"2018-08-09T19:45:29","slug":"jornada-inter-catedra-en-la-tecnicatura-en-tiempo-libre-y-recreacion-%c2%93que-es-zumerland%c2%94","status":"publish","type":"post","link":"https:\/\/istlyr-caba.infd.edu.ar\/sitio\/jornada-inter-catedra-en-la-tecnicatura-en-tiempo-libre-y-recreacion-%c2%93que-es-zumerland%c2%94\/","title":{"rendered":"Jornada interc\u00e1tedra en la Tecnicatura en Tiempo Libre y Recreaci\u00f3n: \u0093\u00bfQu\u00e9 es Zumerland?\u0094"},"content":{"rendered":"<p class=\"sitio_noticia_copete\">Se realiz\u00f3 el 18 de noviembre y cont\u00f3 con la participaci\u00f3n de la Dra. Ana E. Diamant (Ex Maestra y Directora de Zumerland) y el Lic. Gabriel Hojman (Ex Director de Zumerland y docente a cargo de la c\u00e1tedra Historias y Teor\u00edas del tiempo libre y la recreaci\u00f3n), dos exponentes de este proyecto institucional tan relevante para la recreaci\u00f3n y el tiempo libre.<\/p>\n<hr class=\"sitio_noticia_contenido\" \/>\n<p><img decoding=\"async\" loading=\"lazy\" style=\"vertical-align: top; margin-top: 10px; margin-bottom: 10px;\" src=\"https:\/\/istlyr-caba.infd.edu.ar\/sitio\/wp-content\/uploads\/2018\/07\/zamer.jpg\" width=\"646\" height=\"300\" border=\"0\" \/><\/p>\n<p>Durante la Jornada, la Dra. Ana E. Diamant y el Lic. Gabriel Hojman nos contaron la historia pol\u00edtica y pedag\u00f3gica de Zumerland desde la creaci\u00f3n a la actualidad y de la apuesta presente y futura de esta instituci\u00f3n ligada a la historia de los jud\u00edos progresistas que vinieron de la di\u00e1spora europea con ideales socialistas, comunistas y anarquistas entre fines del siglo XIX y principios del XX.<br \/>\nDescribieron tambi\u00e9n el proyecto educativo, lo que se hace en la colonia, c\u00f3mo se gestiona, c\u00f3mo se planifica, temas bien interesantes para estudiantes y docentes del ISTLyR. Tuvimos la posibilidad de hacer algunos intercambios y llevarnos mucho para reflexionar.<br \/>\nLa experiencia fue muy buena y nos sirvi\u00f3 para conocer esta instituci\u00f3n particular e interesante, tan relacionada con lo que hacemos en el Instituto. Creemos esta actividad inter c\u00e1tedra es el inicio de otras que seguiremos organizando ya que resultan realmente beneficiosas para estudiantes y docentes.<\/p>\n<p><strong>Lic. Diego Berenstein,<\/strong><em><br \/>\nSociolog\u00eda de la Cultura y del Tiempo Libre<br \/>\n<\/em><br \/>\n<strong>Prof. Ramiro Gonzalez Gainza,<br \/>\n<\/strong><em>Historia y Teor\u00edas del Tiempo Libre y la Recreaci\u00f3n &#8211; Historia y Teor\u00eda de los Juegos<\/em><\/p>\n","protected":false},"excerpt":{"rendered":"<p>Se realiz\u00f3 el 18 de noviembre y cont\u00f3 con la participaci\u00f3n de la Dra. Ana E. Diamant (Ex Maestra y Directora de Zumerland) y el Lic. Gabriel Hojman (Ex Director de Zumerland y docente a cargo de la c\u00e1tedra Historias y Teor\u00edas del tiempo libre y la recreaci\u00f3n), dos exponentes de este proyecto institucional tan &#8230; <a title=\"Jornada interc\u00e1tedra en la Tecnicatura en Tiempo Libre y Recreaci\u00f3n: \u0093\u00bfQu\u00e9 es Zumerland?\u0094\" class=\"read-more\" href=\"https:\/\/istlyr-caba.infd.edu.ar\/sitio\/jornada-inter-catedra-en-la-tecnicatura-en-tiempo-libre-y-recreacion-%c2%93que-es-zumerland%c2%94\/\" aria-label=\"More on Jornada interc\u00e1tedra en la Tecnicatura en Tiempo Libre y Recreaci\u00f3n: \u0093\u00bfQu\u00e9 es Zumerland?\u0094\">[+]<\/a><\/p>\n","protected":false},"author":19,"featured_media":0,"comment_status":"closed","ping_status":"closed","sticky":false,"template":"","format":"standard","meta":[],"categories":[9],"tags":[],"acf":[],"_links":{"self":[{"href":"https:\/\/istlyr-caba.infd.edu.ar\/sitio\/wp-json\/wp\/v2\/posts\/1233"}],"collection":[{"href":"https:\/\/istlyr-caba.infd.edu.ar\/sitio\/wp-json\/wp\/v2\/posts"}],"about":[{"href":"https:\/\/istlyr-caba.infd.edu.ar\/sitio\/wp-json\/wp\/v2\/types\/post"}],"author":[{"embeddable":true,"href":"https:\/\/istlyr-caba.infd.edu.ar\/sitio\/wp-json\/wp\/v2\/users\/19"}],"replies":[{"embeddable":true,"href":"https:\/\/istlyr-caba.infd.edu.ar\/sitio\/wp-json\/wp\/v2\/comments?post=1233"}],"version-history":[{"count":4,"href":"https:\/\/istlyr-caba.infd.edu.ar\/sitio\/wp-json\/wp\/v2\/posts\/1233\/revisions"}],"predecessor-version":[{"id":2189,"href":"https:\/\/istlyr-caba.infd.edu.ar\/sitio\/wp-json\/wp\/v2\/posts\/1233\/revisions\/2189"}],"wp:attachment":[{"href":"https:\/\/istlyr-caba.infd.edu.ar\/sitio\/wp-json\/wp\/v2\/media?parent=1233"}],"wp:term":[{"taxonomy":"category","embeddable":true,"href":"https:\/\/istlyr-caba.infd.edu.ar\/sitio\/wp-json\/wp\/v2\/categories?post=1233"},{"taxonomy":"post_tag","embeddable":true,"href":"https:\/\/istlyr-caba.infd.edu.ar\/sitio\/wp-json\/wp\/v2\/tags?post=1233"}],"curies":[{"name":"wp","href":"https:\/\/api.w.org\/{rel}","templated":true}]}}