{"id":1232,"date":"2015-12-17T00:00:00","date_gmt":"2015-12-17T03:00:00","guid":{"rendered":"https:\/\/istlyr-caba.infd.edu.ar\/sitio\/%c2%93penumbras-recuperadas%c2%94-documental-producido-por-estudiantes-del-taller-de-introduccion-a-la-produccion-audiovisual\/"},"modified":"2018-08-09T16:44:24","modified_gmt":"2018-08-09T19:44:24","slug":"%c2%93penumbras-recuperadas%c2%94-documental-producido-por-estudiantes-del-taller-de-introduccion-a-la-produccion-audiovisual","status":"publish","type":"post","link":"https:\/\/istlyr-caba.infd.edu.ar\/sitio\/%c2%93penumbras-recuperadas%c2%94-documental-producido-por-estudiantes-del-taller-de-introduccion-a-la-produccion-audiovisual\/","title":{"rendered":"\u0093Penumbras recuperadas\u0094: documental producido por estudiantes del Taller de Introducci\u00f3n a la Producci\u00f3n Audiovisual"},"content":{"rendered":"<p class=\"sitio_noticia_copete\">Se present\u00f3 el viernes 20 de noviembre en el SUM del Instituto. La actividad cont\u00f3 con la presencia de los estudiantes; la Profesora a cargo de la c\u00e1tedra, Carmelita Lapadula; familiares y amigos; y docentes y autoridades del Instituto.<\/p>\n<hr class=\"sitio_noticia_contenido\" \/>\n<p>El cortometraje aborda el tema de los antiguos cines de barrio y c\u00f3mo \u00e9stos fueron desplazados por las grandes cadenas de cines corporativas. Corriendo el 2015 existen organizaciones de vecinos que luchan por recuperar y poder reabrir esos antiguos cines y as\u00ed darle vida a sus queridos barrios. El documental lleva al espectador por un recorrido hist\u00f3rico que llega a la actualidad para poder conocer y comprender los motivos e intenciones de esas diferentes luchas.<br \/>\nEn la funci\u00f3n tambi\u00e9n se presentaron las producciones audiovisuales de ficci\u00f3n realizadas durante la cursada. Al finalizar se realiz\u00f3 un debate y devoluci\u00f3n sobre la pel\u00edcula.<br \/>\nPara ver el documental y por m\u00e1s informaci\u00f3n pueden ingresar a la p\u00e1gina de <a href=\"https:\/\/www.facebook.com\/Penumbras-Recuperadas-1638662823066167\/\" target=\"_blank\" rel=\"noopener\">Facebook \u00abPenumbras recuperadas\u00bb.<\/a><\/p>\n<p><strong>Profesora Carmelita Lapadula<\/strong><\/p>\n","protected":false},"excerpt":{"rendered":"<p>Se present\u00f3 el viernes 20 de noviembre en el SUM del Instituto. La actividad cont\u00f3 con la presencia de los estudiantes; la Profesora a cargo de la c\u00e1tedra, Carmelita Lapadula; familiares y amigos; y docentes y autoridades del Instituto. El cortometraje aborda el tema de los antiguos cines de barrio y c\u00f3mo \u00e9stos fueron desplazados &#8230; <a title=\"\u0093Penumbras recuperadas\u0094: documental producido por estudiantes del Taller de Introducci\u00f3n a la Producci\u00f3n Audiovisual\" class=\"read-more\" href=\"https:\/\/istlyr-caba.infd.edu.ar\/sitio\/%c2%93penumbras-recuperadas%c2%94-documental-producido-por-estudiantes-del-taller-de-introduccion-a-la-produccion-audiovisual\/\" aria-label=\"More on \u0093Penumbras recuperadas\u0094: documental producido por estudiantes del Taller de Introducci\u00f3n a la Producci\u00f3n Audiovisual\">[+]<\/a><\/p>\n","protected":false},"author":19,"featured_media":0,"comment_status":"closed","ping_status":"closed","sticky":false,"template":"","format":"standard","meta":[],"categories":[9],"tags":[],"acf":[],"_links":{"self":[{"href":"https:\/\/istlyr-caba.infd.edu.ar\/sitio\/wp-json\/wp\/v2\/posts\/1232"}],"collection":[{"href":"https:\/\/istlyr-caba.infd.edu.ar\/sitio\/wp-json\/wp\/v2\/posts"}],"about":[{"href":"https:\/\/istlyr-caba.infd.edu.ar\/sitio\/wp-json\/wp\/v2\/types\/post"}],"author":[{"embeddable":true,"href":"https:\/\/istlyr-caba.infd.edu.ar\/sitio\/wp-json\/wp\/v2\/users\/19"}],"replies":[{"embeddable":true,"href":"https:\/\/istlyr-caba.infd.edu.ar\/sitio\/wp-json\/wp\/v2\/comments?post=1232"}],"version-history":[{"count":2,"href":"https:\/\/istlyr-caba.infd.edu.ar\/sitio\/wp-json\/wp\/v2\/posts\/1232\/revisions"}],"predecessor-version":[{"id":2186,"href":"https:\/\/istlyr-caba.infd.edu.ar\/sitio\/wp-json\/wp\/v2\/posts\/1232\/revisions\/2186"}],"wp:attachment":[{"href":"https:\/\/istlyr-caba.infd.edu.ar\/sitio\/wp-json\/wp\/v2\/media?parent=1232"}],"wp:term":[{"taxonomy":"category","embeddable":true,"href":"https:\/\/istlyr-caba.infd.edu.ar\/sitio\/wp-json\/wp\/v2\/categories?post=1232"},{"taxonomy":"post_tag","embeddable":true,"href":"https:\/\/istlyr-caba.infd.edu.ar\/sitio\/wp-json\/wp\/v2\/tags?post=1232"}],"curies":[{"name":"wp","href":"https:\/\/api.w.org\/{rel}","templated":true}]}}