{"id":1226,"date":"2015-11-05T00:00:00","date_gmt":"2015-11-05T00:00:00","guid":{"rendered":"https:\/\/istlyr-caba.infd.edu.ar\/sitio\/el-archivo-filmico-pedagogico-llego-al-istlyr\/"},"modified":"2018-08-09T16:50:02","modified_gmt":"2018-08-09T19:50:02","slug":"el-archivo-filmico-pedagogico-llego-al-istlyr","status":"publish","type":"post","link":"https:\/\/istlyr-caba.infd.edu.ar\/sitio\/el-archivo-filmico-pedagogico-llego-al-istlyr\/","title":{"rendered":"El Archivo F\u00edlmico Pedag\u00f3gico lleg\u00f3 al ISTLyR"},"content":{"rendered":"<p class=\"sitio_noticia_copete\">El 15 de septiembre se llev\u00f3 a cabo en el Instituto la presentaci\u00f3n del Archivo F\u00edlmico Pedag\u00f3gico del Ministerio de Educaci\u00f3n de la Naci\u00f3n. Para esta ocasi\u00f3n estuvo invitado Alejandro Vagnenkos, Coordinador de Producci\u00f3n Audiovisual del Ministerio de Educaci\u00f3n, quien present\u00f3 los materiales y reflexion\u00f3 sobre las potencialidades proped\u00e9uticas de la imagen fija y en movimiento en las aulas.<\/p>\n<hr class=\"sitio_noticia_contenido\" \/>\n<p><img decoding=\"async\" loading=\"lazy\" style=\"margin-top: 7px; margin-bottom: 7px;\" src=\"https:\/\/istlyr-caba.infd.edu.ar\/sitio\/wp-content\/uploads\/2018\/07\/DSCN0106.jpg\" width=\"530\" height=\"396\" border=\"0\" \/><br \/>\nEl archivo re\u00fane pel\u00edculas de la \u00faltima d\u00e9cada de diferentes procedencias: argentinas, latinoamericanas y del resto del mundo, con diferentes t\u00f3picos, est\u00e9ticas y que adscriben a diferentes modos del lenguaje cinematogr\u00e1fico.\u00a0Las pel\u00edculas del archivo fueron seleccionadas por hacer referencia a una serie de problem\u00e1ticas presentes en las pol\u00edticas transversales del Ministerio de Educaci\u00f3n de la Naci\u00f3n, como ser: migraci\u00f3n, juventud, educaci\u00f3n, trata, entre otras.<\/p>\n<p>Los filmes est\u00e1n acompa\u00f1ados por\u00a0escritos de autores\u00a0que buscan ayudar a enfatizar,\u00a0interpelar, comprender y debatir\u00a0en torno a los temas planteados.\u00a0Algunas de las pel\u00edculas que\u00a0integran el\u00a0archivo\u00a0son:\u00a0<em>Bolivia<\/em>, de\u00a0Adri\u00e1n Caetano;\u00a0<em>Entre los muros<\/em>, de\u00a0Laurent Cantent;\u00a0<em>La mosca en la ceniza<\/em>, de\u00a0Gabriela David;\u00a0<em>Ser digno de ser<\/em>, de\u00a0Radu Mihaileanu; y\u00a0<em>Los Edukadores<\/em>, de\u00a0Hans Weingartner.\u00a036 t\u00edtulos forman parte de la colecci\u00f3n general. Los Institutos de Formaci\u00f3n Docente reciben, adem\u00e1s, una colecci\u00f3n adicional de cinco pel\u00edculas para las que el\u00a0Ministerio de Educaci\u00f3n\u00a0consider\u00f3 necesario, por su contenido, que exista la mediaci\u00f3n de un docente. El ISTLyR recibir\u00e1 los 41 t\u00edtulos de la colecci\u00f3n que podr\u00e1n ser utilizados\u00a0para el debate en el aula y fuera de ella.<\/p>\n<p>Los\u00a0escritos que los acompa\u00f1an son textos te\u00f3ricos y ensayos de destacados\/as profesionales de\u00a0la cultura, la educaci\u00f3n, el cine y la comunicaci\u00f3n. Estos\u00a0cuadernillos dirigidos a los\/as docentes sugieren la realizaci\u00f3n de distintas actividades con los\/as alumnos\/as para orientarlos\/as a la hora de sacar sus propias conclusiones sobre cada una de las pel\u00edculas. Tambi\u00e9n se hacen propuestas para los\/as estudiantes que lleven a sus casas los filmes, para que puedan conducir el an\u00e1lisis y el debate en el \u00e1mbito familiar.<\/p>\n<p>El ISTLyR agradece al Ministerio de Educaci\u00f3n la disponibilidad de este recurso que ampl\u00eda nuestro acervo y nos permite seguir construyendo conocimientos desde otros lenguajes.<br \/>\n<img decoding=\"async\" loading=\"lazy\" style=\"margin-top: 7px; margin-bottom: 7px;\" src=\"https:\/\/istlyr-caba.infd.edu.ar\/sitio\/wp-content\/uploads\/2018\/07\/DSCN0080.jpg\" width=\"530\" height=\"300\" border=\"0\" \/><br \/>\n<img decoding=\"async\" loading=\"lazy\" style=\"margin-top: 7px; margin-bottom: 7px;\" src=\"https:\/\/istlyr-caba.infd.edu.ar\/sitio\/wp-content\/uploads\/2018\/07\/DSCN0074.jpg\" width=\"530\" height=\"400\" border=\"0\" \/><\/p>\n<p><strong>Profesora Agustina P\u00e9rez Rial<\/strong><\/p>\n","protected":false},"excerpt":{"rendered":"<p>El 15 de septiembre se llev\u00f3 a cabo en el Instituto la presentaci\u00f3n del Archivo F\u00edlmico Pedag\u00f3gico del Ministerio de Educaci\u00f3n de la Naci\u00f3n. Para esta ocasi\u00f3n estuvo invitado Alejandro Vagnenkos, Coordinador de Producci\u00f3n Audiovisual del Ministerio de Educaci\u00f3n, quien present\u00f3 los materiales y reflexion\u00f3 sobre las potencialidades proped\u00e9uticas de la imagen fija y en &#8230; <a title=\"El Archivo F\u00edlmico Pedag\u00f3gico lleg\u00f3 al ISTLyR\" class=\"read-more\" href=\"https:\/\/istlyr-caba.infd.edu.ar\/sitio\/el-archivo-filmico-pedagogico-llego-al-istlyr\/\" aria-label=\"More on El Archivo F\u00edlmico Pedag\u00f3gico lleg\u00f3 al ISTLyR\">[+]<\/a><\/p>\n","protected":false},"author":19,"featured_media":0,"comment_status":"open","ping_status":"open","sticky":false,"template":"","format":"standard","meta":[],"categories":[9],"tags":[],"acf":[],"_links":{"self":[{"href":"https:\/\/istlyr-caba.infd.edu.ar\/sitio\/wp-json\/wp\/v2\/posts\/1226"}],"collection":[{"href":"https:\/\/istlyr-caba.infd.edu.ar\/sitio\/wp-json\/wp\/v2\/posts"}],"about":[{"href":"https:\/\/istlyr-caba.infd.edu.ar\/sitio\/wp-json\/wp\/v2\/types\/post"}],"author":[{"embeddable":true,"href":"https:\/\/istlyr-caba.infd.edu.ar\/sitio\/wp-json\/wp\/v2\/users\/19"}],"replies":[{"embeddable":true,"href":"https:\/\/istlyr-caba.infd.edu.ar\/sitio\/wp-json\/wp\/v2\/comments?post=1226"}],"version-history":[{"count":1,"href":"https:\/\/istlyr-caba.infd.edu.ar\/sitio\/wp-json\/wp\/v2\/posts\/1226\/revisions"}],"predecessor-version":[{"id":2204,"href":"https:\/\/istlyr-caba.infd.edu.ar\/sitio\/wp-json\/wp\/v2\/posts\/1226\/revisions\/2204"}],"wp:attachment":[{"href":"https:\/\/istlyr-caba.infd.edu.ar\/sitio\/wp-json\/wp\/v2\/media?parent=1226"}],"wp:term":[{"taxonomy":"category","embeddable":true,"href":"https:\/\/istlyr-caba.infd.edu.ar\/sitio\/wp-json\/wp\/v2\/categories?post=1226"},{"taxonomy":"post_tag","embeddable":true,"href":"https:\/\/istlyr-caba.infd.edu.ar\/sitio\/wp-json\/wp\/v2\/tags?post=1226"}],"curies":[{"name":"wp","href":"https:\/\/api.w.org\/{rel}","templated":true}]}}