{"id":1222,"date":"2015-11-05T00:00:00","date_gmt":"2015-11-05T03:00:00","guid":{"rendered":"https:\/\/istlyr-caba.infd.edu.ar\/sitio\/%c2%93derechos-de-ninos-ninas-y-adolescentes-nna-en-el-nuevo-codigo-civil%c2%94-a-cargo-de-la-abogada-viviana-reinoso\/"},"modified":"2018-08-09T16:48:23","modified_gmt":"2018-08-09T19:48:23","slug":"%c2%93derechos-de-ninos-ninas-y-adolescentes-nna-en-el-nuevo-codigo-civil%c2%94-a-cargo-de-la-abogada-viviana-reinoso","status":"publish","type":"post","link":"https:\/\/istlyr-caba.infd.edu.ar\/sitio\/%c2%93derechos-de-ninos-ninas-y-adolescentes-nna-en-el-nuevo-codigo-civil%c2%94-a-cargo-de-la-abogada-viviana-reinoso\/","title":{"rendered":"\u0093Derechos de ni\u00f1os, ni\u00f1as y adolescentes (NNA) en el nuevo C\u00f3digo Civil\u0094 a cargo de la abogada Viviana Reinoso"},"content":{"rendered":"<p class=\"sitio_noticia_volanta\">Estudiantes de Recreaci\u00f3n y de Pedagog\u00eda y Educaci\u00f3n Social participaron de la charla.<\/p>\n<p><strong>La actividad se desarroll\u00f3 el 21 de octubre y fue organizada por la c\u00e1tedra <em>Sujetos I: Infancias y Adolescencias<\/em> de TLyR, a cargo de la Profesora Graciela Resala. Participaron tambi\u00e9n estudiantes de <em>Pedagog\u00eda y Recreaci\u00f3n,<\/em> con sus docentes P\u00eda Caracotche y Cecilia Palladino (TLyR); y <em>Pedagog\u00eda Social I,<\/em> a cargo de Silvina Kurlat (PyES).<\/p>\n<p>Viviana Reinoso<\/strong>\u00a0es abogada con orientaci\u00f3n en derecho penal. Integrante del <em>Colectivo Juguete Rabioso<\/em> que brega por la promoci\u00f3n, respeto y protecci\u00f3n de los derechos de los ni\u00f1os, ni\u00f1as ya adolescentes. Fue consultora en temas de familia, infancia y derechos humanos en el IIN\/OEA y en la Honorable C\u00e1mara de Diputados de la Naci\u00f3n. Se desempe\u00f1a actualmente en el Ministerio P\u00fablico Tutelar de la CABA.\u00a0Fue, adem\u00e1s, docente en la carrera de PyES.<a id=\"_anchor_1\" href=\"#_msocom_1\" name=\"_msoanchor_1\"><br \/>\n<\/a><\/p>\n","protected":false},"excerpt":{"rendered":"<p>Estudiantes de Recreaci\u00f3n y de Pedagog\u00eda y Educaci\u00f3n Social participaron de la charla. La actividad se desarroll\u00f3 el 21 de octubre y fue organizada por la c\u00e1tedra Sujetos I: Infancias y Adolescencias de TLyR, a cargo de la Profesora Graciela Resala. Participaron tambi\u00e9n estudiantes de Pedagog\u00eda y Recreaci\u00f3n, con sus docentes P\u00eda Caracotche y Cecilia &#8230; <a title=\"\u0093Derechos de ni\u00f1os, ni\u00f1as y adolescentes (NNA) en el nuevo C\u00f3digo Civil\u0094 a cargo de la abogada Viviana Reinoso\" class=\"read-more\" href=\"https:\/\/istlyr-caba.infd.edu.ar\/sitio\/%c2%93derechos-de-ninos-ninas-y-adolescentes-nna-en-el-nuevo-codigo-civil%c2%94-a-cargo-de-la-abogada-viviana-reinoso\/\" aria-label=\"More on \u0093Derechos de ni\u00f1os, ni\u00f1as y adolescentes (NNA) en el nuevo C\u00f3digo Civil\u0094 a cargo de la abogada Viviana Reinoso\">[+]<\/a><\/p>\n","protected":false},"author":19,"featured_media":0,"comment_status":"closed","ping_status":"closed","sticky":false,"template":"","format":"standard","meta":[],"categories":[9],"tags":[],"acf":[],"_links":{"self":[{"href":"https:\/\/istlyr-caba.infd.edu.ar\/sitio\/wp-json\/wp\/v2\/posts\/1222"}],"collection":[{"href":"https:\/\/istlyr-caba.infd.edu.ar\/sitio\/wp-json\/wp\/v2\/posts"}],"about":[{"href":"https:\/\/istlyr-caba.infd.edu.ar\/sitio\/wp-json\/wp\/v2\/types\/post"}],"author":[{"embeddable":true,"href":"https:\/\/istlyr-caba.infd.edu.ar\/sitio\/wp-json\/wp\/v2\/users\/19"}],"replies":[{"embeddable":true,"href":"https:\/\/istlyr-caba.infd.edu.ar\/sitio\/wp-json\/wp\/v2\/comments?post=1222"}],"version-history":[{"count":3,"href":"https:\/\/istlyr-caba.infd.edu.ar\/sitio\/wp-json\/wp\/v2\/posts\/1222\/revisions"}],"predecessor-version":[{"id":2199,"href":"https:\/\/istlyr-caba.infd.edu.ar\/sitio\/wp-json\/wp\/v2\/posts\/1222\/revisions\/2199"}],"wp:attachment":[{"href":"https:\/\/istlyr-caba.infd.edu.ar\/sitio\/wp-json\/wp\/v2\/media?parent=1222"}],"wp:term":[{"taxonomy":"category","embeddable":true,"href":"https:\/\/istlyr-caba.infd.edu.ar\/sitio\/wp-json\/wp\/v2\/categories?post=1222"},{"taxonomy":"post_tag","embeddable":true,"href":"https:\/\/istlyr-caba.infd.edu.ar\/sitio\/wp-json\/wp\/v2\/tags?post=1222"}],"curies":[{"name":"wp","href":"https:\/\/api.w.org\/{rel}","templated":true}]}}