{"id":1215,"date":"2015-09-09T00:00:00","date_gmt":"2015-09-09T00:00:00","guid":{"rendered":"https:\/\/istlyr-caba.infd.edu.ar\/sitio\/13-jornadas-de-tiempo-libre-y-recreacion-la-potencia-de-la-ludica-en-los-procesos-educativos-de-limites-y-libertades\/"},"modified":"2018-08-09T16:52:24","modified_gmt":"2018-08-09T19:52:24","slug":"13-jornadas-de-tiempo-libre-y-recreacion-la-potencia-de-la-ludica-en-los-procesos-educativos-de-limites-y-libertades","status":"publish","type":"post","link":"https:\/\/istlyr-caba.infd.edu.ar\/sitio\/13-jornadas-de-tiempo-libre-y-recreacion-la-potencia-de-la-ludica-en-los-procesos-educativos-de-limites-y-libertades\/","title":{"rendered":"13\u00b0 Jornadas de Tiempo Libre y Recreaci\u00f3n: \u00abLa Potencia de la L\u00fadica en los Procesos Educativos: de L\u00edmites y Libertades\u00bb"},"content":{"rendered":"<p class=\"sitio_noticia_copete\">Se llevaron a cabo entre el 14 y el 17 de agosto. La apertura fue en el ISTLyR y el resto de las Jornadas se desarrollaron en el Mariano Acosta.<\/p>\n<hr class=\"sitio_noticia_contenido\" \/>\n<p>Nos resulta muy dif\u00edcil de explicar qu\u00e9 fueron las 13\u00b0 Jornadas porque tanta gente compartiendo experiencias, ideas, sue\u00f1os, convicciones y alegr\u00edas a lo largo de 4 intensos d\u00edas es apenas una peque\u00f1a parte de lo que queremos decir.<\/p>\n<p>Gente que ven\u00eda de muy lejos y quienes habitualmente transitamos los pasillos del ISTLyR, nos reencontramos, nos abrazamos, nos reconocimos y empezamos a pensar el recorrido a compartir. Algunas personas hab\u00edan visitado instituciones del ENECA o la sede de La Cantera y ya hab\u00edan empezados sus Jornadas. Para el resto, fue la primera de muchas bienvenidas.<\/p>\n<p>Lleg\u00f3 la Mesa de Apertura, que combin\u00f3 experiencias tra\u00eddas de recorridos muy diversos que pusieron el acento en la vivencia, la l\u00fadica, los l\u00edmites y las libertades, invit\u00e1ndonos a compartir un intenso debate.<\/p>\n<p>A la ma\u00f1ana siguiente, mientras segu\u00eda llegando gente, nos transformamos en comunidades con diferentes caracter\u00edsticas, cantidades y territorios. Hubo que acordar, visitar, confrontar y poner nuestra magia al servicio de una comunidad que pon\u00eda en juego sus reglas y buscaba una fiesta.<\/p>\n<p>Luego del almuerzo, recordamos a Barby, quien fuera parte del equipo de Jornadas, y nos regalamos una peque\u00f1a parte de lo que ella nos ense\u00f1\u00f3 para guardarlo en cajitas.<\/p>\n<p>Despu\u00e9s algunas experiencias nos compartieron sus relatos relacionados con la Salud, la Infancia y las Pol\u00edticas P\u00fablicas. En paralelo se tra\u00eda la pregunta de si era el momento de pensar una sindicalizaci\u00f3n de los espacios laborales y se analizaba el campo de la Recreaci\u00f3n en un gran mapa. Al salir de las aulas nos encontramos con la Murga Express de Rosario, quienes nos compartieron sus canciones, un momento m\u00e1gico sabiendo que nacieron tras un taller que transitaron justamente en estas Jornadas el a\u00f1o pasado.<\/p>\n<p>Y esa noche nos fuimos a jugar a Ma Kashur a la Noche de Juegos que nos invitaba La Cantera.<\/p>\n<p>A las 9 de la ma\u00f1ana nos encontramos en una gran ronda para bailar y bienvenirnos. Primeros talleres. En los pasillos flotaba un <em>nosequ\u00e9<\/em> que pintaba caras y dejaba verse bailando murga, actuando o caminando abrazado.<\/p>\n<p>Tras un almuerzo al sol, los cursos, propuestas de profundizaci\u00f3n que nos tensaban certezas en torno a la libertad, la l\u00fadica y los l\u00edmites. Se visitaron mundos, se jug\u00f3 en el bosque, en las plazas del barrio, se hicieron galletitas, se recuperaban deportes de lugares desconocidos y se pensaba la educaci\u00f3n en la escuela, el jard\u00edn o con j\u00f3venes. Recorridos que cerraron al caer el sol y se agitaron como empezamos el d\u00eda: bailando. Pero esta vez, en La Minga, y al ritmo de Ahora es Cuando.<\/p>\n<p>\u00daltimo d\u00eda. \u00bfTan pronto? Desayuno y un festejo de cumplea\u00f1os. \u00daltimo bloque de talleres. Empez\u00e1bamos a despedirnos y segu\u00edamos reflexionando en clave de juego.<\/p>\n<p>Y lleg\u00f3 el cierre: recuperar frases, sensaciones, debates, acuerdos y desencuentros. Y la propuesta de un abrazo&#8230; pero en serio. Y poner luego en juego todo lo que hab\u00edamos compartido, desde el abrazo con alguien quiz\u00e1 desconocido a intentar abrazar y cuidar a todo aquel que viera que pod\u00eda cuidar. Una ronda que crec\u00eda, unos l\u00edmites cada vez m\u00e1s grandes y unas libertades arriesgando m\u00e1s y m\u00e1s. Y no nos quer\u00edamos ir. Y con la excusa de una \u00faltima foto nos segu\u00edamos saludando.<\/p>\n<p>\u00bfNo te alcanz\u00f3? A quienes pensamos, organizamos y transitamos este encuentro\u2026 \u00a1tampoco! Ser\u00e1 cuesti\u00f3n de volver a encontrarnos en 2016.<\/p>\n<p><strong><em>Equipo de Organizaci\u00f3n<br \/>\n13\u00b0 Jornadas de Tiempo Libre y Recreaci\u00f3n<\/em><\/strong><br \/>\n<em>\u00abLa Potencia de la L\u00fadica en los Procesos Educativos: de L\u00edmites y Libertades\u00bb<\/em><br \/>\n<span style=\"text-decoration: underline;\">jornadasderecreacion@gmail.com<\/span><br \/>\n<span style=\"text-decoration: underline;\">http:\/\/jornadasderecreacion.blogspot.com.ar<\/span><br \/>\n<span style=\"text-decoration: underline;\">http:\/\/www.facebook.com\/JornadasdeTiempoLibreyRecreacion<\/span><\/p>\n","protected":false},"excerpt":{"rendered":"<p>Se llevaron a cabo entre el 14 y el 17 de agosto. La apertura fue en el ISTLyR y el resto de las Jornadas se desarrollaron en el Mariano Acosta. Nos resulta muy dif\u00edcil de explicar qu\u00e9 fueron las 13\u00b0 Jornadas porque tanta gente compartiendo experiencias, ideas, sue\u00f1os, convicciones y alegr\u00edas a lo largo de &#8230; <a title=\"13\u00b0 Jornadas de Tiempo Libre y Recreaci\u00f3n: \u00abLa Potencia de la L\u00fadica en los Procesos Educativos: de L\u00edmites y Libertades\u00bb\" class=\"read-more\" href=\"https:\/\/istlyr-caba.infd.edu.ar\/sitio\/13-jornadas-de-tiempo-libre-y-recreacion-la-potencia-de-la-ludica-en-los-procesos-educativos-de-limites-y-libertades\/\" aria-label=\"More on 13\u00b0 Jornadas de Tiempo Libre y Recreaci\u00f3n: \u00abLa Potencia de la L\u00fadica en los Procesos Educativos: de L\u00edmites y Libertades\u00bb\">[+]<\/a><\/p>\n","protected":false},"author":19,"featured_media":0,"comment_status":"open","ping_status":"open","sticky":false,"template":"","format":"standard","meta":[],"categories":[9],"tags":[],"acf":[],"_links":{"self":[{"href":"https:\/\/istlyr-caba.infd.edu.ar\/sitio\/wp-json\/wp\/v2\/posts\/1215"}],"collection":[{"href":"https:\/\/istlyr-caba.infd.edu.ar\/sitio\/wp-json\/wp\/v2\/posts"}],"about":[{"href":"https:\/\/istlyr-caba.infd.edu.ar\/sitio\/wp-json\/wp\/v2\/types\/post"}],"author":[{"embeddable":true,"href":"https:\/\/istlyr-caba.infd.edu.ar\/sitio\/wp-json\/wp\/v2\/users\/19"}],"replies":[{"embeddable":true,"href":"https:\/\/istlyr-caba.infd.edu.ar\/sitio\/wp-json\/wp\/v2\/comments?post=1215"}],"version-history":[{"count":2,"href":"https:\/\/istlyr-caba.infd.edu.ar\/sitio\/wp-json\/wp\/v2\/posts\/1215\/revisions"}],"predecessor-version":[{"id":2213,"href":"https:\/\/istlyr-caba.infd.edu.ar\/sitio\/wp-json\/wp\/v2\/posts\/1215\/revisions\/2213"}],"wp:attachment":[{"href":"https:\/\/istlyr-caba.infd.edu.ar\/sitio\/wp-json\/wp\/v2\/media?parent=1215"}],"wp:term":[{"taxonomy":"category","embeddable":true,"href":"https:\/\/istlyr-caba.infd.edu.ar\/sitio\/wp-json\/wp\/v2\/categories?post=1215"},{"taxonomy":"post_tag","embeddable":true,"href":"https:\/\/istlyr-caba.infd.edu.ar\/sitio\/wp-json\/wp\/v2\/tags?post=1215"}],"curies":[{"name":"wp","href":"https:\/\/api.w.org\/{rel}","templated":true}]}}