{"id":1210,"date":"2015-07-07T00:00:00","date_gmt":"2015-07-07T03:00:00","guid":{"rendered":"https:\/\/istlyr-caba.infd.edu.ar\/sitio\/viaje-de-estudios-a-la-ciudad-de-rosario\/"},"modified":"2018-08-10T12:19:03","modified_gmt":"2018-08-10T15:19:03","slug":"viaje-de-estudios-a-la-ciudad-de-rosario","status":"publish","type":"post","link":"https:\/\/istlyr-caba.infd.edu.ar\/sitio\/viaje-de-estudios-a-la-ciudad-de-rosario\/","title":{"rendered":"Viaje de estudios a la ciudad de Rosario"},"content":{"rendered":"<p class=\"sitio_noticia_copete\">Se realiz\u00f3 entre el 5 y el 7 de junio. Esta actividad institucional tiene como objetivo que estudiantes, docentes y graduados puedan compartir una experiencia formativa de contacto e intercambio con instituciones, referentes y responsables de los Proyectos \u0093El tr\u00edptico de la infancia\u0094 (Granja de los Ni\u00f1os, Jard\u00edn de la Infancia e Isla de los Inventos), la \u0093Ciudad de los Ni\u00f1os\u0094, el Archivo Cosettini \u0096UNR- y otros que sumamos en cada viaje.<\/p>\n<hr class=\"sitio_noticia_contenido\" \/>\n<p><strong><span style=\"font-size: 10pt;\">Pablo Quatrini, docente de la Tecnicatura en Comunicaci\u00f3n, realiza a continuaci\u00f3n una breve sistematizaci\u00f3n del viaje a Rosario<\/span><\/strong><\/p>\n<p><strong><span style=\"font-size: 10pt;\"> Viernes<\/span><\/strong><\/p>\n<p><span style=\"font-size: 10pt;\"> Visitamos la Ciudad de los Ni\u00f1os. Conversamos aproximadamente dos horas con Mery, directora del lugar, quien nos relat\u00f3 c\u00f3mo funciona el espacio, el Consejo de los Ni\u00f1os, sus problem\u00e1ticas a la hora de trabajar con ellos, las cuestiones del personal contratado, su profesi\u00f3n, su carrera, la cuesti\u00f3n de lo pol\u00edtico en un contexto complicado como es el de Santa Fe. Los estudiantes estuvieron atentos e hicieron muchas preguntas. Ella respondi\u00f3 todo con excelente humor. Tuvimos que cerrar la conversaci\u00f3n porque se hac\u00eda tarde pero hubi\u00e9semos seguido. Recorrimos el lugar en breves minutos. <\/span><\/p>\n<p><span style=\"font-size: 10pt;\"><em>Una propuesta interesante es ir un domingo para ver c\u00f3mo funciona el espacio.\u00a0<\/em><\/span><span style=\"font-size: 10pt;\"><em>Est\u00e1 abierto de 10 a 13 horas.<\/em> <\/span><\/p>\n<p><span style=\"font-size: 10pt;\">En el Jard\u00edn de la Infancia (Parque Independencia) nos recibi\u00f3 un coordinador que hizo una explicaci\u00f3n breve y atinada sobre el lugar. Lo recorrimos en 2 horas. Empezamos a hacer el cierre en las afueras del jard\u00edn, sobre el Parque Independencia, pero lo interrumpimos por el show de aguas danzantes del lago del Parque. <\/span><\/p>\n<p><em><span style=\"font-size: 10pt;\">Propuesta: hacer una presentaci\u00f3n m\u00e1s formal de los objetivos del viaje, cuestiones de organizaci\u00f3n, presentaci\u00f3n de los docentes. Realizar un cierre del primer d\u00eda en un lugar neutral, por ejemplo, en el gimnasio. <\/span><\/em><\/p>\n<p>&nbsp;<\/p>\n<p><strong><span style=\"font-size: 10pt;\">S\u00e1bado <\/span><\/strong><\/p>\n<p><span style=\"font-size: 10pt;\">Encuentro en el Centro Cultural Fontanarrosa en relaci\u00f3n al sistema educativo Cossetini. Hubo mucha emoci\u00f3n por temas que se ven en dos de las tres carreras. El espacio donde se desarroll\u00f3 el encuentro es un centro interesante por las diversas muestras de arte que contiene, en el que hicimos una recorrida de alrededor de una hora. <\/span><\/p>\n<p><span style=\"font-size: 10pt;\">Luego realizamos una caminata hacia el r\u00edo, a la Isla de los Inventos, y almorzamos. <\/span><\/p>\n<p><span style=\"font-size: 10pt;\">La Isla de los Inventos se pudo recorrer bien; algunos lugares m\u00e1s superficialmente, otros en profundidad. Y el encuentro con la Directora fue lo mejor del viaje. Hubo mucho intercambio con los estudiantes. La charla tuvo especificidades acerca del lugar pero tambi\u00e9n temas generales como lo hablado con Mery: la cuesti\u00f3n de la pol\u00edtica p\u00fablica, lo partidario, la contrataci\u00f3n de sus trabajadores. <\/span><\/p>\n<p><span style=\"font-size: 10pt;\">Tanto el viernes como el s\u00e1bado fue interesante ver a chicos y adultos interactuar y jugar en ambos espacios. <\/span><\/p>\n<p>&nbsp;<\/p>\n<p><strong><span style=\"font-size: 10pt;\">Domingo <\/span><\/strong><\/p>\n<p><span style=\"font-size: 10pt;\">Encuentro con Fernando Traverso: explic\u00f3 los motivos de la bicicleta y trayectoria con la misma. <\/span><span style=\"font-size: 10pt;\">Luego se abri\u00f3 a un espacio de preguntas y posteriormente se realiz\u00f3 la actividad de dibujar una bicicleta en la Plaza del Che. <\/span><span style=\"font-size: 10pt;\">Luego nos fuimos a La Granja. All\u00ed nos recibieron, recorrimos el predio y nos juntamos para la actividad de cierre que terminamos de hacer afuera y sali\u00f3 muy bien. <\/span><em><span style=\"font-size: 10pt;\">Propuesta: m\u00e1s tiempo para poder estar con autoridades o responsables de la granja y hacer el cierre adentro.\u00a0<\/span><\/em><span style=\"font-size: 10pt;\">En el micro de regreso realizamos una peque\u00f1a encuesta para evaluar puntos positivos y negativos. Creemos que estuvo muy bien el reparto de roles y las tareas asignadas.<\/span><\/p>\n","protected":false},"excerpt":{"rendered":"<p>Se realiz\u00f3 entre el 5 y el 7 de junio. Esta actividad institucional tiene como objetivo que estudiantes, docentes y graduados puedan compartir una experiencia formativa de contacto e intercambio con instituciones, referentes y responsables de los Proyectos \u0093El tr\u00edptico de la infancia\u0094 (Granja de los Ni\u00f1os, Jard\u00edn de la Infancia e Isla de los &#8230; <a title=\"Viaje de estudios a la ciudad de Rosario\" class=\"read-more\" href=\"https:\/\/istlyr-caba.infd.edu.ar\/sitio\/viaje-de-estudios-a-la-ciudad-de-rosario\/\" aria-label=\"More on Viaje de estudios a la ciudad de Rosario\">[+]<\/a><\/p>\n","protected":false},"author":19,"featured_media":0,"comment_status":"closed","ping_status":"closed","sticky":false,"template":"","format":"standard","meta":[],"categories":[9],"tags":[],"acf":[],"_links":{"self":[{"href":"https:\/\/istlyr-caba.infd.edu.ar\/sitio\/wp-json\/wp\/v2\/posts\/1210"}],"collection":[{"href":"https:\/\/istlyr-caba.infd.edu.ar\/sitio\/wp-json\/wp\/v2\/posts"}],"about":[{"href":"https:\/\/istlyr-caba.infd.edu.ar\/sitio\/wp-json\/wp\/v2\/types\/post"}],"author":[{"embeddable":true,"href":"https:\/\/istlyr-caba.infd.edu.ar\/sitio\/wp-json\/wp\/v2\/users\/19"}],"replies":[{"embeddable":true,"href":"https:\/\/istlyr-caba.infd.edu.ar\/sitio\/wp-json\/wp\/v2\/comments?post=1210"}],"version-history":[{"count":3,"href":"https:\/\/istlyr-caba.infd.edu.ar\/sitio\/wp-json\/wp\/v2\/posts\/1210\/revisions"}],"predecessor-version":[{"id":2243,"href":"https:\/\/istlyr-caba.infd.edu.ar\/sitio\/wp-json\/wp\/v2\/posts\/1210\/revisions\/2243"}],"wp:attachment":[{"href":"https:\/\/istlyr-caba.infd.edu.ar\/sitio\/wp-json\/wp\/v2\/media?parent=1210"}],"wp:term":[{"taxonomy":"category","embeddable":true,"href":"https:\/\/istlyr-caba.infd.edu.ar\/sitio\/wp-json\/wp\/v2\/categories?post=1210"},{"taxonomy":"post_tag","embeddable":true,"href":"https:\/\/istlyr-caba.infd.edu.ar\/sitio\/wp-json\/wp\/v2\/tags?post=1210"}],"curies":[{"name":"wp","href":"https:\/\/api.w.org\/{rel}","templated":true}]}}