{"id":1208,"date":"2015-07-07T00:00:00","date_gmt":"2015-07-07T03:00:00","guid":{"rendered":"https:\/\/istlyr-caba.infd.edu.ar\/sitio\/estudiantes-de-comunicacion-social-realizaron-dos-programas-en-vivo-por-fm-riachuelo\/"},"modified":"2018-08-10T12:18:08","modified_gmt":"2018-08-10T15:18:08","slug":"estudiantes-de-comunicacion-social-realizaron-dos-programas-en-vivo-por-fm-riachuelo","status":"publish","type":"post","link":"https:\/\/istlyr-caba.infd.edu.ar\/sitio\/estudiantes-de-comunicacion-social-realizaron-dos-programas-en-vivo-por-fm-riachuelo\/","title":{"rendered":"Estudiantes de Comunicaci\u00f3n Social realizaron dos programas en vivo por FM Riachuelo"},"content":{"rendered":"<p class=\"sitio_noticia_copete\">Estudiantes del Taller de Radio 1 de la Tecnicatura en Comunicaci\u00f3n Social orientada al Desarrollo Local a cargo del Profesor Mariano Molina desarrollaron dos programas en vivo el mi\u00e9rcoles 1 de julio de 19 a 21 hs. Las emisiones se llevaron a cabo como Trabajo Final de la materia, gracias a la colaboraci\u00f3n de la emisora, soporte para todas las pr\u00e1cticas de la cursada. Se escucharon por FM Riachuelo 100.9 o www.fmriachuelo.com.ar<\/p>\n<hr class=\"sitio_noticia_contenido\" \/>\n<p><span style=\"font-size: 10pt;\">Los dos programas que se desarrollaron fueron:<\/p>\n<p><strong>LETRAS ACENTUADAS<\/strong> (Luciana Chaparro, Roc\u00edo Canro y Andr\u00e9s Pereira)<br \/>\n<em>\u00abLetras acentuadas, todas las palabras tienen acento\u00bb<\/em> es un programa acerca de la lectura y la literatura. Con gran variedad de t\u00f3picos que pasan por lo escolar, columnas de inter\u00e9s para adultos, noticias de actualidad y variedad de temas musicales para pasar un rato agradable. <\/span><\/p>\n<p><span style=\"font-size: 10pt;\">La tem\u00e1tica que conecta esta hora radial es la palabra como expresi\u00f3n, como poes\u00eda, canci\u00f3n y modo de vida. La lectura vista desde diferentes \u00e1ngulos. <\/span><\/p>\n<p><span style=\"font-size: 10pt;\"><strong>El HILO CONDUCTOR<\/strong> (Ximena Mu\u00f1iz Acosta, Yamila Selum, Gustavo Bianculli y Eduardo Giles)<br \/>\n<em>\u201cTen\u00e9s ganas de viajar, agarrate del Hilo Conductor, la mejor combinaci\u00f3n de informaci\u00f3n, m\u00fasica, y el gusto por viajar. Te llevamos alrededor del mundo, no te vas a querer bajar\u201d.<\/em> <\/span><\/p>\n<p><span style=\"font-size: 10pt;\">La propuesta del programa gira en torno al turismo y el gusto por viajar. Desde diferentes perspectivas abordaremos el tema. El contenido estar\u00e1 desarrollado en bloques: Presentaci\u00f3n del programa; Cr\u00f3nica sobre turismo en la pampa; Charla informal sobre destinos anti stress; Lectura de Garc\u00eda M\u00e1rquez sobre viajar; Columna de opini\u00f3n sobre estad\u00edsticas de las vacaciones de invierno del a\u00f1o pasado en comparaci\u00f3n con el a\u00f1o 2015; La historia de vida de una mujer que viaj\u00f3 por Europa; Cierre del programa. <\/span><\/p>\n","protected":false},"excerpt":{"rendered":"<p>Estudiantes del Taller de Radio 1 de la Tecnicatura en Comunicaci\u00f3n Social orientada al Desarrollo Local a cargo del Profesor Mariano Molina desarrollaron dos programas en vivo el mi\u00e9rcoles 1 de julio de 19 a 21 hs. Las emisiones se llevaron a cabo como Trabajo Final de la materia, gracias a la colaboraci\u00f3n de la &#8230; <a title=\"Estudiantes de Comunicaci\u00f3n Social realizaron dos programas en vivo por FM Riachuelo\" class=\"read-more\" href=\"https:\/\/istlyr-caba.infd.edu.ar\/sitio\/estudiantes-de-comunicacion-social-realizaron-dos-programas-en-vivo-por-fm-riachuelo\/\" aria-label=\"More on Estudiantes de Comunicaci\u00f3n Social realizaron dos programas en vivo por FM Riachuelo\">[+]<\/a><\/p>\n","protected":false},"author":19,"featured_media":0,"comment_status":"closed","ping_status":"closed","sticky":false,"template":"","format":"standard","meta":[],"categories":[9],"tags":[],"acf":[],"_links":{"self":[{"href":"https:\/\/istlyr-caba.infd.edu.ar\/sitio\/wp-json\/wp\/v2\/posts\/1208"}],"collection":[{"href":"https:\/\/istlyr-caba.infd.edu.ar\/sitio\/wp-json\/wp\/v2\/posts"}],"about":[{"href":"https:\/\/istlyr-caba.infd.edu.ar\/sitio\/wp-json\/wp\/v2\/types\/post"}],"author":[{"embeddable":true,"href":"https:\/\/istlyr-caba.infd.edu.ar\/sitio\/wp-json\/wp\/v2\/users\/19"}],"replies":[{"embeddable":true,"href":"https:\/\/istlyr-caba.infd.edu.ar\/sitio\/wp-json\/wp\/v2\/comments?post=1208"}],"version-history":[{"count":2,"href":"https:\/\/istlyr-caba.infd.edu.ar\/sitio\/wp-json\/wp\/v2\/posts\/1208\/revisions"}],"predecessor-version":[{"id":2240,"href":"https:\/\/istlyr-caba.infd.edu.ar\/sitio\/wp-json\/wp\/v2\/posts\/1208\/revisions\/2240"}],"wp:attachment":[{"href":"https:\/\/istlyr-caba.infd.edu.ar\/sitio\/wp-json\/wp\/v2\/media?parent=1208"}],"wp:term":[{"taxonomy":"category","embeddable":true,"href":"https:\/\/istlyr-caba.infd.edu.ar\/sitio\/wp-json\/wp\/v2\/categories?post=1208"},{"taxonomy":"post_tag","embeddable":true,"href":"https:\/\/istlyr-caba.infd.edu.ar\/sitio\/wp-json\/wp\/v2\/tags?post=1208"}],"curies":[{"name":"wp","href":"https:\/\/api.w.org\/{rel}","templated":true}]}}